{"id":1174,"date":"2011-12-21T12:07:34","date_gmt":"2011-12-21T11:07:34","guid":{"rendered":"http:\/\/www.reihe-m.de\/con\/?p=1174"},"modified":"2024-12-07T13:53:32","modified_gmt":"2024-12-07T12:53:32","slug":"schumacherchang","status":"publish","type":"post","link":"https:\/\/www.reihe-m.de\/?p=1174","title":{"rendered":"SCHUMACHER\/CHANG \/\/\/\/\/\/\/\/\/\/\/\/\/\/\/"},"content":{"rendered":"<p>EASTCOAST AND WESTCOST<br \/>\nMichael J. Schumacher (NYC)\u00a0 6-Kanal Elektronik<br \/>\nJohnny Chang (Berlin) Fieldrecordings und Violine<\/p>\n<p><strong>21. Dezember 2011 <\/strong>\/ Mittwoch \/ 20 h<br \/>\nBelgisches Haus, K\u00f6ln<br \/>\nEintritt: 10\/8 EUR<\/p>\n<p>&nbsp;<\/p>\n<p>PROGRAMM:<br \/>\nJohnny Chang<br \/>\nSolitary luncheon(s)<br \/>\nEarly evening church bells plus toy guitar.<br \/>\nConcert \/ Manfred Werder. Violin-Noise-Action<br \/>\nVioline und Fieldrecordings<\/p>\n<p>Michael J. Schumacher<br \/>\nFilters &amp; Filtered<br \/>\nMehrkanal-Audio, Laptop und Accessoires<\/p>\n<p>Johnny Chang kommt aus Neuseeland, hat am California Institute of the Arts bei Michael Pisaro studiert und ist gepr\u00e4gt von der leisen und unaufdringlichen Haltung der dortigen Musikszene, die sehr stark mit der Wandelweiser-Komponistengruppe verbunden ist. So verkn\u00fcpft er den Klang seiner Violine auf ungew\u00f6hnliche Weise mit Fieldrecordings von kaum verst\u00e4ndlichen Gespr\u00e4chen und weit entfernten Stadtkl\u00e4ngen. Als Komponist, Performer und Klangk\u00fcnstler ist Michael J. Schumacher auf zahlreichen internationalen Festivals pr\u00e4sent, neuerdings auch in Verbindung mit seiner Band \u201eElse\u201c.\u00a0Dazu betreibt er seit zehn Jahren in New York die Klangkunstgalerie Diapason. In K\u00f6ln wird er\u00a0 die Wechselwirkungen zwischen den gespeicherten Daten auf einer Festplatte und der Wahrnehmung von Kl\u00e4ngen im Gehirn untersuchen. Gegenw\u00e4rtig lehrt Schumacher als Edgar-Varese-Gastprofessor am elektronischen Studio der TU in Berlin, wo auch die derzeitige Heimat von Chang ist.<\/p>\n<p>&nbsp;<\/p>\n<p>&nbsp;<\/p>\n<p><em>reiheM &#8211; Konzertreihe f\u00fcr Gegenwartsmusik, Elektronik und neue Medien wird veranstaltet von Mark e.V. und gef\u00f6rdert durch das Kulturamt der Stadt K\u00f6ln und vom Ministerium f\u00fcr Familie, Kinder, Jugend, Kultur und Sport des Landes Nordrhein-Westfalen<\/em><\/p>\n","protected":false},"excerpt":{"rendered":"<p>21. Dezember 2011<br \/>\nBelgisches Haus<\/p>\n","protected":false},"author":4,"featured_media":4059,"comment_status":"closed","ping_status":"closed","sticky":false,"template":"","format":"standard","meta":{"footnotes":""},"categories":[132,5],"tags":[],"class_list":["post-1174","post","type-post","status-publish","format-standard","has-post-thumbnail","hentry","category-132","category-konzert"],"_links":{"self":[{"href":"https:\/\/www.reihe-m.de\/index.php?rest_route=\/wp\/v2\/posts\/1174","targetHints":{"allow":["GET"]}}],"collection":[{"href":"https:\/\/www.reihe-m.de\/index.php?rest_route=\/wp\/v2\/posts"}],"about":[{"href":"https:\/\/www.reihe-m.de\/index.php?rest_route=\/wp\/v2\/types\/post"}],"author":[{"embeddable":true,"href":"https:\/\/www.reihe-m.de\/index.php?rest_route=\/wp\/v2\/users\/4"}],"replies":[{"embeddable":true,"href":"https:\/\/www.reihe-m.de\/index.php?rest_route=%2Fwp%2Fv2%2Fcomments&post=1174"}],"version-history":[{"count":19,"href":"https:\/\/www.reihe-m.de\/index.php?rest_route=\/wp\/v2\/posts\/1174\/revisions"}],"predecessor-version":[{"id":5776,"href":"https:\/\/www.reihe-m.de\/index.php?rest_route=\/wp\/v2\/posts\/1174\/revisions\/5776"}],"wp:featuredmedia":[{"embeddable":true,"href":"https:\/\/www.reihe-m.de\/index.php?rest_route=\/wp\/v2\/media\/4059"}],"wp:attachment":[{"href":"https:\/\/www.reihe-m.de\/index.php?rest_route=%2Fwp%2Fv2%2Fmedia&parent=1174"}],"wp:term":[{"taxonomy":"category","embeddable":true,"href":"https:\/\/www.reihe-m.de\/index.php?rest_route=%2Fwp%2Fv2%2Fcategories&post=1174"},{"taxonomy":"post_tag","embeddable":true,"href":"https:\/\/www.reihe-m.de\/index.php?rest_route=%2Fwp%2Fv2%2Ftags&post=1174"}],"curies":[{"name":"wp","href":"https:\/\/api.w.org\/{rel}","templated":true}]}}