{"id":1305,"date":"2012-05-19T19:36:43","date_gmt":"2012-05-19T18:36:43","guid":{"rendered":"http:\/\/www.reihe-m.de\/?p=1305"},"modified":"2022-10-31T13:45:24","modified_gmt":"2022-10-31T12:45:24","slug":"mika-vainio-kunstkopf","status":"publish","type":"post","link":"https:\/\/www.reihe-m.de\/?p=1305","title":{"rendered":"Frank Bretschneider \/ Kunstkopf"},"content":{"rendered":"<p><strong>19. Mai 2012 <\/strong>\/ Samstag \/ 20:30 h<br \/>\nStadtgarten<\/p>\n<p><span style=\"text-decoration: line-through;\"><strong>Mika Vaino<\/strong><\/span><\/p>\n<p><strong>Frank Bretschneider<br \/>\n<\/strong>&#8222;Kippschwingungen&#8220;<br \/>\n(Elektronik\/Visuals Set)<\/p>\n<p><strong>Kunstkopf<\/strong><br \/>\n(D) Patrick Laschet \/\/ Dirk Specht \/\/ Taymur Streng \/\/ Manfred Machlitt<\/p>\n<p>Eintritt 10\/erm. 8 EUR<\/p>\n<p>Programm\u00e4nderung! Nach Aussage der Booking Agentur des K\u00fcnstlers MIKA VAINIO wurde dessen komplettes Equipment gestohlen, so dass er sich au\u00dferstande sieht aufzutreten.<br \/>\n&#8212;&#8211;<br \/>\nDie \u201eKippschwingungen&#8220; wurden von Frank Bretschneider auf dem &#8222;Subharchord&#8220; komponiert, einem elektronischen Instrument, das w\u00e4hrend der 1960er Jahre am RFZ, dem technischen Zentrum f\u00fcr Radio und Television der ostdeutschen Postbeh\u00f6rde, entwickelt wurde. Insgesamt wurden nur 8 dieser Ger\u00e4te hergestellt und nur 3 davon existieren zum heutigen Zeitpunkt noch (in Wien, Trondheim und Berlin). Bretschneiders Ziel war es, eine fast vergessene Technologie mit den Produktionsmethoden der heutigen Zeit zu verbinden. In zwei Wochen intensiver Arbeit mit dem Instrument kreierte Bretschneider, fasziniert von den sch\u00f6nen und extrem kraftvollen Kl\u00e4ngen dieser Maschine eine Serie von St\u00fccken, die er 2011 zu einer neuen 37-min\u00fctigen Komposition zusammenf\u00fcgte.<\/p>\n<p><a href=\"http:\/\/www.frankbretschneider.com\" target=\"_blank\" rel=\"noopener noreferrer\">www.lineimprint.com<br \/>\nwww.frankbretschneider.com<\/a><\/p>\n<p>&#8212;-<br \/>\nDer erste Teil des Abends wird von der Gruppe Kunstkopf bestritten. Wurzeln in Industrial und Punk haben auch Kunstkopf vorzuweisen. Mit ihrem energiegeladenen, tief verstrickten Geflecht aus Kl\u00e4ngen undefinierbarer Herkunft und den komplexen polyrhythmischen Patterns haben sie sich in diametraler Richtung ebenfalls hin zur &#8222;ernsten&#8220; Elektronischen Musik bewegt. Hier nehmen sie durch ihre wilden elektrotechnischen Experimente und die Vorliebe f\u00fcr raue pulsierende Klanggebilde eine herausragende Position ein.<\/p>\n<p>Fotografin: Janet Toro<\/p>\n<p><em>reiheM &#8211; Konzertreihe f\u00fcr Gegenwartsmusik, Elektronik und neue Medien wird veranstaltet von Mark e.V. und gef\u00f6rdert durch das Kulturamt der Stadt K\u00f6ln und vom Ministerium f\u00fcr Familie, Kinder, Jugend, Kultur und Sport des Landes Nordrhein-Westfalen<\/em><\/p>\n","protected":false},"excerpt":{"rendered":"<p>19. Mai 2012<br \/>\nStadtgarten<\/p>\n","protected":false},"author":4,"featured_media":4053,"comment_status":"closed","ping_status":"closed","sticky":false,"template":"","format":"standard","meta":{"footnotes":""},"categories":[148,5],"tags":[],"class_list":["post-1305","post","type-post","status-publish","format-standard","has-post-thumbnail","hentry","category-148","category-konzert"],"_links":{"self":[{"href":"https:\/\/www.reihe-m.de\/index.php?rest_route=\/wp\/v2\/posts\/1305","targetHints":{"allow":["GET"]}}],"collection":[{"href":"https:\/\/www.reihe-m.de\/index.php?rest_route=\/wp\/v2\/posts"}],"about":[{"href":"https:\/\/www.reihe-m.de\/index.php?rest_route=\/wp\/v2\/types\/post"}],"author":[{"embeddable":true,"href":"https:\/\/www.reihe-m.de\/index.php?rest_route=\/wp\/v2\/users\/4"}],"replies":[{"embeddable":true,"href":"https:\/\/www.reihe-m.de\/index.php?rest_route=%2Fwp%2Fv2%2Fcomments&post=1305"}],"version-history":[{"count":24,"href":"https:\/\/www.reihe-m.de\/index.php?rest_route=\/wp\/v2\/posts\/1305\/revisions"}],"predecessor-version":[{"id":5045,"href":"https:\/\/www.reihe-m.de\/index.php?rest_route=\/wp\/v2\/posts\/1305\/revisions\/5045"}],"wp:featuredmedia":[{"embeddable":true,"href":"https:\/\/www.reihe-m.de\/index.php?rest_route=\/wp\/v2\/media\/4053"}],"wp:attachment":[{"href":"https:\/\/www.reihe-m.de\/index.php?rest_route=%2Fwp%2Fv2%2Fmedia&parent=1305"}],"wp:term":[{"taxonomy":"category","embeddable":true,"href":"https:\/\/www.reihe-m.de\/index.php?rest_route=%2Fwp%2Fv2%2Fcategories&post=1305"},{"taxonomy":"post_tag","embeddable":true,"href":"https:\/\/www.reihe-m.de\/index.php?rest_route=%2Fwp%2Fv2%2Ftags&post=1305"}],"curies":[{"name":"wp","href":"https:\/\/api.w.org\/{rel}","templated":true}]}}