{"id":1308,"date":"2012-05-31T19:47:55","date_gmt":"2012-05-31T18:47:55","guid":{"rendered":"http:\/\/www.reihe-m.de\/?p=1308"},"modified":"2024-12-07T13:54:14","modified_gmt":"2024-12-07T12:54:14","slug":"tomomi-adachi-jennifer-walshe","status":"publish","type":"post","link":"https:\/\/www.reihe-m.de\/?p=1308","title":{"rendered":"Tomomi Adachi \/ Jennifer Walshe"},"content":{"rendered":"<p>Die Kunst der Begegnung oder Visuelle Musik<strong><br \/>\n31. Mai 2012 <\/strong>\/ Donnerstag \/ 20 h<br \/>\nTheater die wohngemeinschaft, K\u00f6ln<br \/>\nEintritt 10\/erm. 7 EUR<\/p>\n<p>Tomomi Adachi (Tokio) \/ Stimme und DIY Elektronik<br \/>\nJennifer Walshe (London) \/ Stimmimprovisationen<\/p>\n<p>Tomomi Adachi, derzeit Gast beim DAAD K\u00fcnstlerprogramm in Berlin, verfolgt w\u00e4hrend seines Aufenthalts die Idee, Begegnungskonzerte mit europ\u00e4ischen K\u00fcnstlern zur Visuellen Musik auf die B\u00fchne zu bringen. Nach gemeinsamen Auftritten in New York und London hat er f\u00fcr das K\u00f6lner Konzert erneut Jennifer Walshe eingeladen. Deren Auftritte leben vor allem von erfrischender Experimentalit\u00e4t, dadaistischer Klangpoesie, unorthodoxer und extremer Stimmenimprovisation. Bei Adachis Performances f\u00fcr Stimme und K\u00f6rper kommen kleine Eigenbau-Synthesizer in Tupperdosen oder sein Infrarot-Sensor-Hemd, das musikalische Ereignisse fernsteuert, zum Einsatz. Seine Kompositionen und Konzepte stehen in der Tradition von Laut- und Konkreter Poesie, Konstruktivismus, Dadaismus und Fluxus \u2013 humorvoll, surreal und manchmal brachial.<\/p>\n<p><a href=\"http:\/\/www.milker.org\" target=\"_blank\" rel=\"noopener noreferrer\">www.adachitomomi.com<\/a><\/p>\n<p><a href=\"http:\/\/www.milker.org\" target=\"_blank\" rel=\"noopener noreferrer\">www.milker.org<\/a><\/p>\n<p>&nbsp;<\/p>\n<p>Jennifer Welsh in THE WIRE November 2010<a href=\"http:\/\/thewire.co.uk\/articles\/5243\/\" target=\"_blank\" rel=\"noopener noreferrer\"><br \/>\nhttp:\/\/thewire.co.uk<\/a><\/p>\n<p><em>reiheM &#8211; Konzertreihe f\u00fcr Gegenwartsmusik, Elektronik und neue Medien wird veranstaltet von Mark e.V. und gef\u00f6rdert durch das Kulturamt der Stadt K\u00f6ln und vom Ministerium f\u00fcr Familie, Kinder, Jugend, Kultur und Sport des Landes Nordrhein-Westfalen<\/em><\/p>\n","protected":false},"excerpt":{"rendered":"<p>31. Mai 2012<br \/>\nTheater die wohngemeinschaft<\/p>\n","protected":false},"author":4,"featured_media":4049,"comment_status":"closed","ping_status":"closed","sticky":false,"template":"","format":"standard","meta":{"footnotes":""},"categories":[148,5],"tags":[],"class_list":["post-1308","post","type-post","status-publish","format-standard","has-post-thumbnail","hentry","category-148","category-konzert"],"_links":{"self":[{"href":"https:\/\/www.reihe-m.de\/index.php?rest_route=\/wp\/v2\/posts\/1308","targetHints":{"allow":["GET"]}}],"collection":[{"href":"https:\/\/www.reihe-m.de\/index.php?rest_route=\/wp\/v2\/posts"}],"about":[{"href":"https:\/\/www.reihe-m.de\/index.php?rest_route=\/wp\/v2\/types\/post"}],"author":[{"embeddable":true,"href":"https:\/\/www.reihe-m.de\/index.php?rest_route=\/wp\/v2\/users\/4"}],"replies":[{"embeddable":true,"href":"https:\/\/www.reihe-m.de\/index.php?rest_route=%2Fwp%2Fv2%2Fcomments&post=1308"}],"version-history":[{"count":22,"href":"https:\/\/www.reihe-m.de\/index.php?rest_route=\/wp\/v2\/posts\/1308\/revisions"}],"predecessor-version":[{"id":5788,"href":"https:\/\/www.reihe-m.de\/index.php?rest_route=\/wp\/v2\/posts\/1308\/revisions\/5788"}],"wp:featuredmedia":[{"embeddable":true,"href":"https:\/\/www.reihe-m.de\/index.php?rest_route=\/wp\/v2\/media\/4049"}],"wp:attachment":[{"href":"https:\/\/www.reihe-m.de\/index.php?rest_route=%2Fwp%2Fv2%2Fmedia&parent=1308"}],"wp:term":[{"taxonomy":"category","embeddable":true,"href":"https:\/\/www.reihe-m.de\/index.php?rest_route=%2Fwp%2Fv2%2Fcategories&post=1308"},{"taxonomy":"post_tag","embeddable":true,"href":"https:\/\/www.reihe-m.de\/index.php?rest_route=%2Fwp%2Fv2%2Ftags&post=1308"}],"curies":[{"name":"wp","href":"https:\/\/api.w.org\/{rel}","templated":true}]}}