{"id":1387,"date":"2012-08-10T20:33:14","date_gmt":"2012-08-10T19:33:14","guid":{"rendered":"http:\/\/www.reihe-m.de\/?p=1387"},"modified":"2024-12-07T13:54:26","modified_gmt":"2024-12-07T12:54:26","slug":"anaparastasisfilm","status":"publish","type":"post","link":"https:\/\/www.reihe-m.de\/?p=1387","title":{"rendered":"\/\/\/\/\/\/\/\/\/\/\/ Film: ANAPARASTASIS"},"content":{"rendered":"<p><strong>10. August 2012 <\/strong>\/ Freitag \/ ab 21 h<br \/>\nMuseum Ludwig \/ Dachterrasse<br \/>\nBei Regen: Kino im Museum Ludwig<br \/>\n21 h \/ Einf\u00fchrung durch den Regisseur Costis Zouliatis<br \/>\n(Einlass: ab 20 h)<\/p>\n<p>23 h\u00a0 Filmende, Musik\u00a0 &#8211; Die Bar ist ge\u00f6ffnet!<br \/>\nEintritt: 5 EUR<\/p>\n<p>Eine Film \u00fcber den Komponisten JANI CHRISTOU<br \/>\nDer\u00a0Regisseur Costis Zouliatis wird anwesend sein.<\/p>\n<p>ANAPARASTASIS: LIFE &amp; WORK<br \/>\nOF JANI CHRISTOU (1926\u20131970)<br \/>\nDokumentarfilm, Griechenland 2012,<br \/>\n95 Min., engl. UT<br \/>\nRegie: Costis Zouliatis<\/p>\n<p>Dieser Dokumentarfilm ist das erste umfassende Filmportr\u00e4t des griechischen Komponisten Jani Christou, der 1970 \u2013 an seinem 44. Geburtstag \u2013 bei einem Autounfall ums Leben kam. Er studierte Philosophie bei Bertrand Russell und Ludwig Wittgenstein, Komposition und Kontrapunkt bei Hans Ferdinand Redlich und Filmmusik bei Francesco Lavagnino. Bei wenigen Komponisten des 20. Jahrhunderts gibt es wohl eine \u00e4hnlich innige Verzahnung zwischen philosophischem und kompositorischem System wie bei Jani Christou. Die &#8222;Phoenix Music&#8220; des gerade Zweiundzwanzigj\u00e4hrigen setzt dabei Richtung und Ton: Mythische Inhalte und deren zyklische Wiederkehr, die dunklen Seiten der menschlichen Psyche. Nach und nach entwickelt sich daraus ein Kosmos von ritualartigen Performances, genannt Anaparastasis, in denen magische und archetypische Vorg\u00e4nge in die heutige Welt hereingezogen werden sollen. Statt der klassischen Notation kommt ein System von comicartigen Symbolen zum Einsatz, die manchmal besser als reale Auff\u00fchrungen die angestrebte &#8222;maximum panic&#8220; beschw\u00f6ren und die hysterische Atmosph\u00e4re, in denen sich diese Rituale vollziehen, transportieren. Aber die Piktogramme von Messern, Explosionen und extremen Gef\u00fchlszust\u00e4nden tragen noch eine andere Ebene: Die Partitur von &#8222;Epicycle&#8220; zeigt Milit\u00e4rparaden, Hinrichtungen und Attentate. Zwei Jahre vor Christous Tod entstanden und ein Entwurf f\u00fcr die Deutung des ganzen Lebens als eine sich immer wiederholende Folge von Aktionen die alle Teil der selben Auff\u00fchrung sind, l\u00e4sst sie sich auch vor dem Hintergrund der Milt\u00e4rjunta lesen, die damals Griechenland regierte. Costis Zouliatis ist nicht nur Filmregisseur, sondern auch Pianist, Komponist (auch von Filmmusiken), Mitbegr\u00fcnder zahlreicher Bands, Musikautor und -wissenschaftler. Seit Jahren recherchiert er \u00fcber das Leben und Werk des griechischen Komponisten Jani Christou.<br \/>\n<em>(Text: hans w. koch)<\/em><br \/>\n<a href=\"http:\/\/www.anaparastasis.info \" target=\"_blank\" rel=\"noopener noreferrer\">www.anaparastasis.info<\/p>\n<p><\/a><\/p>\n<p>&nbsp;<\/p>\n<p>&nbsp;<\/p>\n<p>&nbsp;<\/p>\n<p><em>reiheM &#8211; Konzertreihe f\u00fcr Gegenwartsmusik, Elektronik und neue Medien wird veranstaltet von Mark e.V. und gef\u00f6rdert durch das Kulturamt der Stadt K\u00f6ln und vom Ministerium f\u00fcr Familie, Kinder, Jugend, Kultur und Sport des Landes Nordrhein-Westfalen<\/em><\/p>\n","protected":false},"excerpt":{"rendered":"<p>10. August 2012<br \/>\nMuseum Ludwig \/ Dachterrasse<\/p>\n","protected":false},"author":4,"featured_media":4047,"comment_status":"closed","ping_status":"closed","sticky":false,"template":"","format":"standard","meta":{"footnotes":""},"categories":[148,5],"tags":[],"class_list":["post-1387","post","type-post","status-publish","format-standard","has-post-thumbnail","hentry","category-148","category-konzert"],"_links":{"self":[{"href":"https:\/\/www.reihe-m.de\/index.php?rest_route=\/wp\/v2\/posts\/1387","targetHints":{"allow":["GET"]}}],"collection":[{"href":"https:\/\/www.reihe-m.de\/index.php?rest_route=\/wp\/v2\/posts"}],"about":[{"href":"https:\/\/www.reihe-m.de\/index.php?rest_route=\/wp\/v2\/types\/post"}],"author":[{"embeddable":true,"href":"https:\/\/www.reihe-m.de\/index.php?rest_route=\/wp\/v2\/users\/4"}],"replies":[{"embeddable":true,"href":"https:\/\/www.reihe-m.de\/index.php?rest_route=%2Fwp%2Fv2%2Fcomments&post=1387"}],"version-history":[{"count":22,"href":"https:\/\/www.reihe-m.de\/index.php?rest_route=\/wp\/v2\/posts\/1387\/revisions"}],"predecessor-version":[{"id":5790,"href":"https:\/\/www.reihe-m.de\/index.php?rest_route=\/wp\/v2\/posts\/1387\/revisions\/5790"}],"wp:featuredmedia":[{"embeddable":true,"href":"https:\/\/www.reihe-m.de\/index.php?rest_route=\/wp\/v2\/media\/4047"}],"wp:attachment":[{"href":"https:\/\/www.reihe-m.de\/index.php?rest_route=%2Fwp%2Fv2%2Fmedia&parent=1387"}],"wp:term":[{"taxonomy":"category","embeddable":true,"href":"https:\/\/www.reihe-m.de\/index.php?rest_route=%2Fwp%2Fv2%2Fcategories&post=1387"},{"taxonomy":"post_tag","embeddable":true,"href":"https:\/\/www.reihe-m.de\/index.php?rest_route=%2Fwp%2Fv2%2Ftags&post=1387"}],"curies":[{"name":"wp","href":"https:\/\/api.w.org\/{rel}","templated":true}]}}