{"id":1548,"date":"2013-01-29T14:35:59","date_gmt":"2013-01-29T13:35:59","guid":{"rendered":"http:\/\/www.reihe-m.de\/?p=1548"},"modified":"2024-12-07T13:41:05","modified_gmt":"2024-12-07T12:41:05","slug":"mark-fell-keith-fullerton-whitman","status":"publish","type":"post","link":"https:\/\/www.reihe-m.de\/?p=1548","title":{"rendered":"Mark Fell \/ Keith Fullerton Whitman"},"content":{"rendered":"\n<p><strong>29. Januar 2013<br>\n<\/strong>Dienstag \/ 21 h<br>\nZimmermanns, K\u00f6ln<br>\nEintritt:&nbsp; 8,- EUR<\/p>\n\n\n\n<p>Zeitgen\u00f6ssische elektronische Musik ist das Thema dieses Konzertabends der<br>\nreiheM. Mit Mark Fell kommt einer der experimentellsten und reflektiertesten Laptop-Musiker erstmals solo live nach K\u00f6ln. Fell ist eine H\u00e4lfte der Clicks &amp; Cuts Gruppe snd und geh\u00f6rt zu den wenigen Musikern der Szene, die aus der ersten Welle der Glitch-Electronica in den 1990 er Jahren gest\u00e4rkt hervorgegangen sind. Heute spielt Fell in Museen und auf Raves, er produziert Installationen und DJ Tools und l\u00e4sst sich in seinen Tracks von Philosophie und Mathematik inspirieren. Trotzdem hat er den Groove. Keith Fullerton Whitman ist ein Virtuose am modularen Synthesizer. Er interpretiert historische St\u00fccke der elektronischen Musik (u.a. von Dick Raaijmakers) und spielt eigene Kompositionen, die immer auch einen hohen improvisatorischen Anteil haben. Beide K\u00fcnstler ver\u00f6ffentlichen international auf renommierten Labels, nicht zuletzt bei der Wiener Adresse Editions Mego.<\/p>\n\n\n\n<p><\/p>\n\n\n\n<p><\/p>\n\n\n\n<p><em>reiheM &#8211; Konzertreihe f\u00fcr Gegenwartsmusik, Elektronik und neue Medien wird veranstaltet von Mark e.V. und gef\u00f6rdert durch das Kulturamt der Stadt K\u00f6ln und vom Ministerium f\u00fcr Familie, Kinder, Jugend, Kultur und Sport des Landes Nordrhein-Westfalen. <em>Kompositionsauftrag der Kunststiftung NRW<\/em>.<\/em><\/p>\n","protected":false},"excerpt":{"rendered":"<p>29. Januar 2013<br \/>\nZimmermanns<\/p>\n","protected":false},"author":4,"featured_media":3998,"comment_status":"closed","ping_status":"closed","sticky":false,"template":"","format":"standard","meta":{"footnotes":""},"categories":[175,5],"tags":[],"class_list":["post-1548","post","type-post","status-publish","format-standard","has-post-thumbnail","hentry","category-175","category-konzert"],"_links":{"self":[{"href":"https:\/\/www.reihe-m.de\/index.php?rest_route=\/wp\/v2\/posts\/1548","targetHints":{"allow":["GET"]}}],"collection":[{"href":"https:\/\/www.reihe-m.de\/index.php?rest_route=\/wp\/v2\/posts"}],"about":[{"href":"https:\/\/www.reihe-m.de\/index.php?rest_route=\/wp\/v2\/types\/post"}],"author":[{"embeddable":true,"href":"https:\/\/www.reihe-m.de\/index.php?rest_route=\/wp\/v2\/users\/4"}],"replies":[{"embeddable":true,"href":"https:\/\/www.reihe-m.de\/index.php?rest_route=%2Fwp%2Fv2%2Fcomments&post=1548"}],"version-history":[{"count":11,"href":"https:\/\/www.reihe-m.de\/index.php?rest_route=\/wp\/v2\/posts\/1548\/revisions"}],"predecessor-version":[{"id":5757,"href":"https:\/\/www.reihe-m.de\/index.php?rest_route=\/wp\/v2\/posts\/1548\/revisions\/5757"}],"wp:featuredmedia":[{"embeddable":true,"href":"https:\/\/www.reihe-m.de\/index.php?rest_route=\/wp\/v2\/media\/3998"}],"wp:attachment":[{"href":"https:\/\/www.reihe-m.de\/index.php?rest_route=%2Fwp%2Fv2%2Fmedia&parent=1548"}],"wp:term":[{"taxonomy":"category","embeddable":true,"href":"https:\/\/www.reihe-m.de\/index.php?rest_route=%2Fwp%2Fv2%2Fcategories&post=1548"},{"taxonomy":"post_tag","embeddable":true,"href":"https:\/\/www.reihe-m.de\/index.php?rest_route=%2Fwp%2Fv2%2Ftags&post=1548"}],"curies":[{"name":"wp","href":"https:\/\/api.w.org\/{rel}","templated":true}]}}