{"id":1584,"date":"2013-03-20T11:08:20","date_gmt":"2013-03-20T10:08:20","guid":{"rendered":"http:\/\/www.reihe-m.de\/?p=1584"},"modified":"2024-12-07T13:40:15","modified_gmt":"2024-12-07T12:40:15","slug":"norbert-moslang","status":"publish","type":"post","link":"https:\/\/www.reihe-m.de\/?p=1584","title":{"rendered":"Norbert M\u00f6slang\/Nils Quak"},"content":{"rendered":"\n<p><strong>20. M\u00e4rz 2013 <\/strong>\/ Mittwoch \/ 20:30 h<br>\nLoft, K\u00f6ln<br>\nEintritt: 8 EUR<\/p>\n\n\n\n<p>Norbert M\u00f6slang\/Nils Quak<\/p>\n\n\n\n<p>Seit 30 Jahren geh\u00f6rt der aus St. Gallen (Schweiz) stammende Klangk\u00fcnstler Norbert M\u00f6slang zu den eigenwilligsten und experimentierfreudigsten Vertretern dieses Genres. Urspr\u00fcnglich im Free Jazz beheimatet, schlug er Anfang der siebziger Jahre zusammen mit seinem Duopartner Andy Guhl mit dem Projekt Voice Crack g\u00e4nzlich neue Wege ein. Sie bespielten Alltagsgegenst\u00e4nde, verwendeten bei ihren Performances eine Vielzahl von kleinteiliger Billigelektronik, Lichtsensoren, Radios, Spielzeugen und Fernsteuerungen. Dieses Konzept der &#8222;geknackten Alltagselektronik&#8220;, des Aufknackens tradierter musikalischer Formen, f\u00fchrte zu klanglichen Strukturen, die sich ma\u00dfgeblich aus Misskl\u00e4ngen und St\u00f6rger\u00e4uschen zusammensetzten und am ehesten der bruitistischen Tradition zuzuordnen sind. Ihre Performances, Raumklanginstallationen und visuellen Arbeiten f\u00fchrten sie um die halbe Welt unter anderem 2001 als Vertreter der Schweiz auf die 49. Biennale von Venedig.<br> Seit 2002 arbeitet Norbert M\u00f6slang an Soloprojekten u.a. dem Soundtrack zu dem Film &#8222;The sound of inscets&#8220; von Peter Liechti und an zahlreichen LP- und CD- Ver\u00f6ffentlichungen, zuletzt sein neues Album &#8222;indoor-outdoor&#8220; (Ideologic Organ, 2012)<\/p>\n\n\n\n<p>Nils Quak (K\u00f6ln) ist ein Suchender zwischen Klang und Ger\u00e4usch. Er arbeitet an der Schnittstelle zwischen Computer-Prozessen und Modularem Synthesizer. Nils Quak ver\u00f6ffentlicht unter anderem bei Nomadic Kids Republic, Progressive Form, Kitty Yo oder Neo Ouija.<br><\/p>\n\n\n\n<p>reiheM &#8211; Konzertreihe f\u00fcr Gegenwartsmusik, Elektronik und neue Medien wird veranstaltet von Mark e.V. und gef\u00f6rdert durch das Kulturamt der Stadt K\u00f6ln und vom Ministerium f\u00fcr Familie, Kinder, Jugend, Kultur und Sport des Landes Nordrhein-Westfalen. <em>Kompositionsauftrag der Kunststiftung NRW<\/em>.<\/p>\n","protected":false},"excerpt":{"rendered":"<p>20. M\u00e4rz 2013<br \/>\nLoft<\/p>\n","protected":false},"author":4,"featured_media":3994,"comment_status":"closed","ping_status":"closed","sticky":false,"template":"","format":"standard","meta":{"footnotes":""},"categories":[175,5],"tags":[],"class_list":["post-1584","post","type-post","status-publish","format-standard","has-post-thumbnail","hentry","category-175","category-konzert"],"_links":{"self":[{"href":"https:\/\/www.reihe-m.de\/index.php?rest_route=\/wp\/v2\/posts\/1584","targetHints":{"allow":["GET"]}}],"collection":[{"href":"https:\/\/www.reihe-m.de\/index.php?rest_route=\/wp\/v2\/posts"}],"about":[{"href":"https:\/\/www.reihe-m.de\/index.php?rest_route=\/wp\/v2\/types\/post"}],"author":[{"embeddable":true,"href":"https:\/\/www.reihe-m.de\/index.php?rest_route=\/wp\/v2\/users\/4"}],"replies":[{"embeddable":true,"href":"https:\/\/www.reihe-m.de\/index.php?rest_route=%2Fwp%2Fv2%2Fcomments&post=1584"}],"version-history":[{"count":14,"href":"https:\/\/www.reihe-m.de\/index.php?rest_route=\/wp\/v2\/posts\/1584\/revisions"}],"predecessor-version":[{"id":5756,"href":"https:\/\/www.reihe-m.de\/index.php?rest_route=\/wp\/v2\/posts\/1584\/revisions\/5756"}],"wp:featuredmedia":[{"embeddable":true,"href":"https:\/\/www.reihe-m.de\/index.php?rest_route=\/wp\/v2\/media\/3994"}],"wp:attachment":[{"href":"https:\/\/www.reihe-m.de\/index.php?rest_route=%2Fwp%2Fv2%2Fmedia&parent=1584"}],"wp:term":[{"taxonomy":"category","embeddable":true,"href":"https:\/\/www.reihe-m.de\/index.php?rest_route=%2Fwp%2Fv2%2Fcategories&post=1584"},{"taxonomy":"post_tag","embeddable":true,"href":"https:\/\/www.reihe-m.de\/index.php?rest_route=%2Fwp%2Fv2%2Ftags&post=1584"}],"curies":[{"name":"wp","href":"https:\/\/api.w.org\/{rel}","templated":true}]}}