{"id":1599,"date":"2013-04-16T12:43:54","date_gmt":"2013-04-16T11:43:54","guid":{"rendered":"http:\/\/www.reihe-m.de\/?p=1599"},"modified":"2022-10-31T13:44:48","modified_gmt":"2022-10-31T12:44:48","slug":"thomas-ankersmit-volker-straebel","status":"publish","type":"post","link":"https:\/\/www.reihe-m.de\/?p=1599","title":{"rendered":"Thomas Ankersmit \/ Volker Straebel"},"content":{"rendered":"<p><strong>16. April 2013 <\/strong>\/ Dienstag \/ 20:15 h<br \/>\nAlte Feuerwache, K\u00f6ln<br \/>\nEintritt: 8 EUR<\/p>\n<p>Volker Straebel \/Berlin<br \/>\nCentre and Grand. Sound Observation #5 (2010)<\/p>\n<p>Thomas Ankersmit \/Berlin, Amsterdam<br \/>\nSerge &amp; Buchla \/Premiere MaerzMusik 2013<\/p>\n<p>Volker Straebels Sound Observations ist eine Reihe elektroakustischer Performances und Klanginstallationen zu st\u00e4dtischen Klangkulissen. Die vierkanalige Klanginszenierung Centre and Grand, aufgenommen auf der Feuerleiter von Phill Niblocks New Yorker Loft, wird live gespielt. Straebel komponiert, f\u00fchrt auf und forscht im Bereich der elektroakustischen Musik, den amerikanischen und europ\u00e4ischen Avantgarden, Intermedia, Performance und Klangkunst. Er leitet das Elektronische Studio der TU-Berlin, unterrichtet Sound Studies an der UdK Berlin und ist kuratorischer Berater der MaerzMusik.<\/p>\n<p>Thomas Ankersmit erhielt von den EMS Studios Stockholm Auftragskompositionen f\u00fcr deren Vintage Serge and Buchla analog modular Synthesizer aus den 1970ern. Er ist scheinbar der einzige Komponist und Musiker, der St\u00fccke mit diesen Synthesizer Sammlerst\u00fccken auff\u00fchrt. Die Hauptinstrumente dieses Klangk\u00fcnstlers und -forschers sind der Serge analogue modular Synthesizer, Computer und Alto Saxophone.<\/p>\n<p><em>Programm: Georg Dietzler<br \/>\n<\/em><\/p>\n<p><em>reiheM &#8211; Konzertreihe f\u00fcr Gegenwartsmusik, Elektronik und neue Medien wird veranstaltet von Mark e.V. und gef\u00f6rdert durch das Kulturamt der Stadt K\u00f6ln und vom Ministerium f\u00fcr Familie, Kinder, Jugend, Kultur und Sport des Landes Nordrhein-Westfalen. Kompositionsauftrag der Kunststiftung NRW.<\/em><\/p>\n","protected":false},"excerpt":{"rendered":"<p>16. April 2013<br \/>\nAlte Feuerwache<\/p>\n","protected":false},"author":4,"featured_media":3898,"comment_status":"closed","ping_status":"closed","sticky":false,"template":"","format":"standard","meta":{"footnotes":""},"categories":[175,5],"tags":[],"class_list":["post-1599","post","type-post","status-publish","format-standard","has-post-thumbnail","hentry","category-175","category-konzert"],"_links":{"self":[{"href":"https:\/\/www.reihe-m.de\/index.php?rest_route=\/wp\/v2\/posts\/1599","targetHints":{"allow":["GET"]}}],"collection":[{"href":"https:\/\/www.reihe-m.de\/index.php?rest_route=\/wp\/v2\/posts"}],"about":[{"href":"https:\/\/www.reihe-m.de\/index.php?rest_route=\/wp\/v2\/types\/post"}],"author":[{"embeddable":true,"href":"https:\/\/www.reihe-m.de\/index.php?rest_route=\/wp\/v2\/users\/4"}],"replies":[{"embeddable":true,"href":"https:\/\/www.reihe-m.de\/index.php?rest_route=%2Fwp%2Fv2%2Fcomments&post=1599"}],"version-history":[{"count":11,"href":"https:\/\/www.reihe-m.de\/index.php?rest_route=\/wp\/v2\/posts\/1599\/revisions"}],"predecessor-version":[{"id":5044,"href":"https:\/\/www.reihe-m.de\/index.php?rest_route=\/wp\/v2\/posts\/1599\/revisions\/5044"}],"wp:featuredmedia":[{"embeddable":true,"href":"https:\/\/www.reihe-m.de\/index.php?rest_route=\/wp\/v2\/media\/3898"}],"wp:attachment":[{"href":"https:\/\/www.reihe-m.de\/index.php?rest_route=%2Fwp%2Fv2%2Fmedia&parent=1599"}],"wp:term":[{"taxonomy":"category","embeddable":true,"href":"https:\/\/www.reihe-m.de\/index.php?rest_route=%2Fwp%2Fv2%2Fcategories&post=1599"},{"taxonomy":"post_tag","embeddable":true,"href":"https:\/\/www.reihe-m.de\/index.php?rest_route=%2Fwp%2Fv2%2Ftags&post=1599"}],"curies":[{"name":"wp","href":"https:\/\/api.w.org\/{rel}","templated":true}]}}