{"id":1633,"date":"2013-05-16T10:47:50","date_gmt":"2013-05-16T09:47:50","guid":{"rendered":"http:\/\/www.reihe-m.de\/?p=1633"},"modified":"2019-07-05T07:21:57","modified_gmt":"2019-07-05T06:21:57","slug":"the-swedish-scene","status":"publish","type":"post","link":"https:\/\/www.reihe-m.de\/?p=1633","title":{"rendered":"\/\/\/\/\/\/\/\/\/\/\/\/\/\/\/\/ The Swedish Scene"},"content":{"rendered":"<p><strong>16. Mai 2013 <\/strong>\/ Donnerstag \/ 20:30 h<br \/>\nStadtgarten (Saal), K\u00f6ln<br \/>\nEintritt: 10 EUR<\/p>\n<p>&nbsp;<\/p>\n<p>Experimentalelektronik in Schweden \u2013 Elektroakustik, Ambient, Performance-Kunst,<br \/>\nNoise<\/p>\n<p>Mit:<br \/>\n<strong>The Sons Of God \/\/ Sewer Election\u00a0 \/\/ Dag Rosenqvist \/\/<\/strong><br \/>\n<strong>Ronnie Sundin plays Rune Lindblad<\/strong><\/p>\n<p>\u00dcber die \u00e4u\u00dferst aktive Experimental-Szene Schwedens wei\u00df man hierzulande noch wenig \u2013 die reiheM stellt nun einige ihrer Protagonisten vor: Zu den bekanntesten K\u00fcnstlern z\u00e4hlt Leif Elggren, der mit Kent Tankred das Performance-Kunst-Duo The Sons of God bildet und neben Installationen, Bildenderund Video-Kunst eben auch Sound produziert. Eine kleine Sensation ist der Fund, den der Ger\u00e4uschmusiker Ronnie Sundin in der Bibliothek seiner Uni machte: ein Karton mit unver\u00f6ffentlichten Tonbandarbeiten des Elektroakustik-Gro\u00dfmeisters Rune Lindblad. Sundin wird einen Auszug aus seinen Funden spielen \u2013 mit einer echten Bandmaschine! Die j\u00fcngere Generation repr\u00e4sentiert Dag Rosenqvist, der vormals mit seinem Projekt Jasper TX doomigen Ambient spielte und nun unter eigenem Namen ver\u00f6ffentlicht. Die \u00e4u\u00dferst vitale Noise-Szene Schwedens wird durch Dan Johanssons Projekt Sewer Election repr\u00e4sentiert, mit spr\u00f6dem, energiegeladenem Krach.<\/p>\n<p><a href=\"http:\/\/www.thesonsofgod.com\" target=\"_blank\" rel=\"noopener noreferrer\">www.thesonsofgod.com<\/a><\/p>\n<p><a href=\"http:\/\/www.sewerelection.se\" target=\"_blank\" rel=\"noopener noreferrer\">www.sewerelection.se<\/a><\/p>\n<p><a href=\"http:\/\/dagrosenqvist.bandcamp.com\/\" target=\"_blank\" rel=\"noopener noreferrer\">dagrosenqvist.bandcamp.com\/<\/a><\/p>\n<p><a href=\"http:\/\/www.ronsun.se\" target=\"_blank\" rel=\"noopener noreferrer\">www.ronsun.se<\/a><\/p>\n<p><em>Programm: aufabwegen\/Till Kniola<br \/>\n<\/em><\/p>\n<p><em>reiheM &#8211; Konzertreihe f\u00fcr Gegenwartsmusik, Elektronik und neue Medien wird veranstaltet von Mark e.V. und gef\u00f6rdert durch das Kulturamt der Stadt K\u00f6ln und vom Ministerium f\u00fcr Familie, Kinder, Jugend, Kultur und Sport des Landes Nordrhein-Westfalen. Kompositionsauftrag der Kunststiftung NRW.<\/em><\/p>\n","protected":false},"excerpt":{"rendered":"<p>16. Mai 2013<br \/>\nStadtgarten<\/p>\n","protected":false},"author":4,"featured_media":3993,"comment_status":"closed","ping_status":"closed","sticky":false,"template":"","format":"standard","meta":{"footnotes":""},"categories":[175,5],"tags":[],"class_list":["post-1633","post","type-post","status-publish","format-standard","has-post-thumbnail","hentry","category-175","category-konzert"],"_links":{"self":[{"href":"https:\/\/www.reihe-m.de\/index.php?rest_route=\/wp\/v2\/posts\/1633","targetHints":{"allow":["GET"]}}],"collection":[{"href":"https:\/\/www.reihe-m.de\/index.php?rest_route=\/wp\/v2\/posts"}],"about":[{"href":"https:\/\/www.reihe-m.de\/index.php?rest_route=\/wp\/v2\/types\/post"}],"author":[{"embeddable":true,"href":"https:\/\/www.reihe-m.de\/index.php?rest_route=\/wp\/v2\/users\/4"}],"replies":[{"embeddable":true,"href":"https:\/\/www.reihe-m.de\/index.php?rest_route=%2Fwp%2Fv2%2Fcomments&post=1633"}],"version-history":[{"count":15,"href":"https:\/\/www.reihe-m.de\/index.php?rest_route=\/wp\/v2\/posts\/1633\/revisions"}],"predecessor-version":[{"id":3957,"href":"https:\/\/www.reihe-m.de\/index.php?rest_route=\/wp\/v2\/posts\/1633\/revisions\/3957"}],"wp:featuredmedia":[{"embeddable":true,"href":"https:\/\/www.reihe-m.de\/index.php?rest_route=\/wp\/v2\/media\/3993"}],"wp:attachment":[{"href":"https:\/\/www.reihe-m.de\/index.php?rest_route=%2Fwp%2Fv2%2Fmedia&parent=1633"}],"wp:term":[{"taxonomy":"category","embeddable":true,"href":"https:\/\/www.reihe-m.de\/index.php?rest_route=%2Fwp%2Fv2%2Fcategories&post=1633"},{"taxonomy":"post_tag","embeddable":true,"href":"https:\/\/www.reihe-m.de\/index.php?rest_route=%2Fwp%2Fv2%2Ftags&post=1633"}],"curies":[{"name":"wp","href":"https:\/\/api.w.org\/{rel}","templated":true}]}}