{"id":1655,"date":"2013-06-28T10:07:28","date_gmt":"2013-06-28T09:07:28","guid":{"rendered":"http:\/\/www.reihe-m.de\/?p=1655"},"modified":"2019-07-05T07:16:17","modified_gmt":"2019-07-05T06:16:17","slug":"terre-thaemlitz","status":"publish","type":"post","link":"https:\/\/www.reihe-m.de\/?p=1655","title":{"rendered":"Terre Thaemlitz \/\/\/\/\/\/\/\/\/\/\/\/\/\/\/\/\/\/"},"content":{"rendered":"<p><strong>28. Juni 2013<\/strong> \/ Freitag \/ 21-7 h<br \/>\nGew\u00f6lbe, Hans-B\u00f6ckler-Platz 2, K\u00f6ln<br \/>\nEintritt: 10 EUR<\/p>\n<p>&nbsp;<\/p>\n<p>&#8222;Soulnessless&#8220; &amp; DJs<br \/>\nElektroakustische Konzert- &amp; Videoperformance<\/p>\n<p>&nbsp;<\/p>\n<p>21 h<br \/>\nTerre Thaemlitz &#8222;Soulnessless: Cantos I-IV&#8220;<\/p>\n<p>ab 23 h<br \/>\nDJ Sprinkles Deeperama (a.k.a. Terre Thaemlitz)<br \/>\nDJ Lena Willikens (C\u00f3meme, Salon Des Amateurs)<br \/>\nDJ Broda (Dorfjungs)<\/p>\n<p>&nbsp;<\/p>\n<p><strong>&#8222;Soulnessless&#8220;<\/strong> ist ein Versuch &#8222;Soul Music&#8220; zu dekonstruieren &#8211; eine elektroakustische Konzert- &amp; Videoperformance in vier Teilen, den sogenannten Cantos I &#8211; IV. &#8222;Soulnessless&#8220; wurde urspr\u00fcnglich auf einer Micro-SD Card ver\u00f6ffentlicht, als Statement der Post-CD \u00c4ra: 32 Stunden Musik, 80 Minuten Video und Texte vom Ausma\u00df eines Buches. Was genau bei der Liveauff\u00fchrung zu erwarten ist, bleibt offen. Thaemlitz spielt mit<br \/>\nden Erwartungen des Publikums und unterwandert diese immer wieder aufs Neue. Inhaltlich besch\u00e4ftigen sich die Sets mit seiner pers\u00f6nlichen Transgender-Thematik, mit philippinischen Einwanderern in Japan, denen ein Aufenthaltsrecht abgesprochen wird, dem Einsatz von Konsumelektronik in einem philippinischen Konvent oder mit der Rolle von katholischen Schulen als Milit\u00e4rausbildungsort in den USA w\u00e4hrend der beiden Weltkriege.<\/p>\n<p>&nbsp;<\/p>\n<p>DJ-Set<br \/>\n<strong>DJ Sprinkles Deeperama<\/strong><br \/>\nSp\u00e4ter am Abend spielt Thaemlitz unter seinem Alias Dj Sprinkles eines seiner legend\u00e4ren Deep-House DJ-Sets mit denen er 1989 in New York startete: historische Klassiker bis hin zu aktuellen unbekannten House-Tracks, deeper-than-Deep House, eingerahmt in Sets der lokalen DJs Broda und Lena Willikens.<\/p>\n<p>&nbsp;<\/p>\n<p><em>Programm: Frank Dommert<br \/>\n<\/em><br \/>\n<em>reiheM &#8211; Konzertreihe f\u00fcr Gegenwartsmusik, Elektronik und neue Medien wird veranstaltet von Mark e.V. und gef\u00f6rdert durch das Kulturamt der Stadt K\u00f6ln und vom Ministerium f\u00fcr Familie, Kinder, Jugend, Kultur und Sport des Landes Nordrhein-Westfalen. Kompositionsauftrag der Kunststiftung NRW.<\/em><\/p>\n","protected":false},"excerpt":{"rendered":"<p>28. Juni 2013<br \/>\nGew\u00f6lbe<\/p>\n","protected":false},"author":4,"featured_media":3990,"comment_status":"closed","ping_status":"closed","sticky":false,"template":"","format":"standard","meta":{"footnotes":""},"categories":[175,5],"tags":[],"class_list":["post-1655","post","type-post","status-publish","format-standard","has-post-thumbnail","hentry","category-175","category-konzert"],"_links":{"self":[{"href":"https:\/\/www.reihe-m.de\/index.php?rest_route=\/wp\/v2\/posts\/1655","targetHints":{"allow":["GET"]}}],"collection":[{"href":"https:\/\/www.reihe-m.de\/index.php?rest_route=\/wp\/v2\/posts"}],"about":[{"href":"https:\/\/www.reihe-m.de\/index.php?rest_route=\/wp\/v2\/types\/post"}],"author":[{"embeddable":true,"href":"https:\/\/www.reihe-m.de\/index.php?rest_route=\/wp\/v2\/users\/4"}],"replies":[{"embeddable":true,"href":"https:\/\/www.reihe-m.de\/index.php?rest_route=%2Fwp%2Fv2%2Fcomments&post=1655"}],"version-history":[{"count":20,"href":"https:\/\/www.reihe-m.de\/index.php?rest_route=\/wp\/v2\/posts\/1655\/revisions"}],"predecessor-version":[{"id":3958,"href":"https:\/\/www.reihe-m.de\/index.php?rest_route=\/wp\/v2\/posts\/1655\/revisions\/3958"}],"wp:featuredmedia":[{"embeddable":true,"href":"https:\/\/www.reihe-m.de\/index.php?rest_route=\/wp\/v2\/media\/3990"}],"wp:attachment":[{"href":"https:\/\/www.reihe-m.de\/index.php?rest_route=%2Fwp%2Fv2%2Fmedia&parent=1655"}],"wp:term":[{"taxonomy":"category","embeddable":true,"href":"https:\/\/www.reihe-m.de\/index.php?rest_route=%2Fwp%2Fv2%2Fcategories&post=1655"},{"taxonomy":"post_tag","embeddable":true,"href":"https:\/\/www.reihe-m.de\/index.php?rest_route=%2Fwp%2Fv2%2Ftags&post=1655"}],"curies":[{"name":"wp","href":"https:\/\/api.w.org\/{rel}","templated":true}]}}