{"id":1840,"date":"2013-12-02T10:39:39","date_gmt":"2013-12-02T09:39:39","guid":{"rendered":"http:\/\/www.reihe-m.de\/?p=1840"},"modified":"2022-10-31T13:42:51","modified_gmt":"2022-10-31T12:42:51","slug":"florian-hecker-mario-de-vega","status":"publish","type":"post","link":"https:\/\/www.reihe-m.de\/?p=1840","title":{"rendered":"Florian Hecker \/ Mario de Vega"},"content":{"rendered":"<p>2. Dezember 2013<strong><br \/>\n<\/strong>Montag \/ 20.30 h<br \/>\nStadtgarten,<br \/>\nVenloer Str. 40, K\u00f6ln<br \/>\nEintritt: 12\/10 EUR<br \/>\nFlorian Hecker und Mario de Vega &#8211; zwei kontr\u00e4re Positionen der Elektronischen Musik. W\u00e4hrend Hecker die Perspektive des Komponisten bezieht und ganz die Musik in den Vordergrund stellt, vertritt Mario de Vega die Species des improvisierenden Instrumentalisten, der nach &#8222;elektronischen Erweiterungen&#8220; seiner H\u00e4nde sucht. Bei Beiden m\u00fcndet dies in sehr rohen, synthetischen Klang\u00e4sthetiken, die allerdings zu erstaunlich vielschichtigen und eigenst\u00e4ndigen Strukturen verwoben sind.<\/p>\n<p>Florian Hecker geh\u00f6rt zweifellos zu den Figuren der Avantgarde-Elektronik Szene. Seit 1998 ver\u00f6ffentlichte er unz\u00e4hlige Alben u.a. auf Editions Mego, Rephlex, Tonicht Aleph und Warp Records. Seine Soundinstallationen waren an Orten wie der Documenta in Kassel, der Tate Modern Galerie London oder dem Museum f\u00fcr Moderne Kunst in Frankfurt zu erleben. Als Performer war er im Centre Pompidou Paris, dem ZKM Karlsruhe und der Ars Electronica zu h\u00f6ren \u2013 um nur einen Bruchteil zu nennen. Sein Name steht in der Szene als Synonym f\u00fcr Innovation, was man sowohl der beeindruckenden Vielseitigkeit seines k\u00fcnstlerischen Schaffens und Denkens, wie auch seiner Vorliebe f\u00fcr extravagante Klang-Algorithmen zuschreiben kann.<\/p>\n<p>\u00c4hnlich vielseitig und klang\u00e4sthetisch durchaus mit Hecker verwandt, ist der mexikanische Klangk\u00fcnstler Mario de Vega. Er hat neben seinen vielen Live-Performances eine \u00e4hnlich bemerkenswerte Anzahl von Gruppen- und Einzelausstellungen aufzuweisen, in denen seine Soundinstallationen, Photographien und Videos zu erleben waren. Seine Vorliebe geh\u00f6rt den<br \/>\nexotischen Interfaces und wild manipulierten analogen Klanggeneratoren, die er virtuos beherrscht und so seiner Musik zu einer ganz eigenen Art von Pr\u00e4senz und K\u00f6rperlichkeit verhilft.<\/p>\n<p><em>\u00a0<\/em><\/p>\n<p><em>reiheM &#8211; Konzertreihe f\u00fcr Gegenwartsmusik, Elektronik und neue Medien wird veranstaltet von Mark e.V. und gef\u00f6rdert durch das Kulturamt der Stadt K\u00f6ln und vom Ministerium f\u00fcr Familie, Kinder, Jugend, Kultur und Sport des Landes Nordrhein-Westfalen. <\/em><\/p>\n","protected":false},"excerpt":{"rendered":"<p>2. Dezember 2013<br \/>\nStadtgarten<\/p>\n","protected":false},"author":4,"featured_media":3981,"comment_status":"closed","ping_status":"closed","sticky":false,"template":"","format":"standard","meta":{"footnotes":""},"categories":[175,5],"tags":[],"class_list":["post-1840","post","type-post","status-publish","format-standard","has-post-thumbnail","hentry","category-175","category-konzert"],"_links":{"self":[{"href":"https:\/\/www.reihe-m.de\/index.php?rest_route=\/wp\/v2\/posts\/1840","targetHints":{"allow":["GET"]}}],"collection":[{"href":"https:\/\/www.reihe-m.de\/index.php?rest_route=\/wp\/v2\/posts"}],"about":[{"href":"https:\/\/www.reihe-m.de\/index.php?rest_route=\/wp\/v2\/types\/post"}],"author":[{"embeddable":true,"href":"https:\/\/www.reihe-m.de\/index.php?rest_route=\/wp\/v2\/users\/4"}],"replies":[{"embeddable":true,"href":"https:\/\/www.reihe-m.de\/index.php?rest_route=%2Fwp%2Fv2%2Fcomments&post=1840"}],"version-history":[{"count":14,"href":"https:\/\/www.reihe-m.de\/index.php?rest_route=\/wp\/v2\/posts\/1840\/revisions"}],"predecessor-version":[{"id":5039,"href":"https:\/\/www.reihe-m.de\/index.php?rest_route=\/wp\/v2\/posts\/1840\/revisions\/5039"}],"wp:featuredmedia":[{"embeddable":true,"href":"https:\/\/www.reihe-m.de\/index.php?rest_route=\/wp\/v2\/media\/3981"}],"wp:attachment":[{"href":"https:\/\/www.reihe-m.de\/index.php?rest_route=%2Fwp%2Fv2%2Fmedia&parent=1840"}],"wp:term":[{"taxonomy":"category","embeddable":true,"href":"https:\/\/www.reihe-m.de\/index.php?rest_route=%2Fwp%2Fv2%2Fcategories&post=1840"},{"taxonomy":"post_tag","embeddable":true,"href":"https:\/\/www.reihe-m.de\/index.php?rest_route=%2Fwp%2Fv2%2Ftags&post=1840"}],"curies":[{"name":"wp","href":"https:\/\/api.w.org\/{rel}","templated":true}]}}