{"id":2005,"date":"2014-04-11T16:00:10","date_gmt":"2014-04-11T15:00:10","guid":{"rendered":"http:\/\/www.reihe-m.de\/?p=2005"},"modified":"2024-12-07T13:47:31","modified_gmt":"2024-12-07T12:47:31","slug":"eliane-radigue-2","status":"publish","type":"post","link":"https:\/\/www.reihe-m.de\/?p=2005","title":{"rendered":"\u00c9liane Radigue  \/\/\/\/\/\/\/\/\/\/\/\/\/\/\/\/\/\/\/\/\/"},"content":{"rendered":"\n<blockquote class=\"wp-block-quote is-layout-flow wp-block-quote-is-layout-flow\">\n<p>Instrumentalmusik und elektronische Werke<\/p>\n\n\n\n<p><strong>18. Juni 2014<\/strong> \/ Mittwoch \/ 20 h<br>\nKunst-Station Sankt Peter, Jabachstr. 1, K\u00f6ln<\/p>\n\n\n\n<p>&nbsp;<\/p>\n\n\n\n<p>OCCAM IV<br>\nJulia Eckhardt (Br\u00fcssel),<br>\nViola<\/p>\n\n\n\n<p>Zwei St\u00fccke aus \u201eFeedback Works\u201c:<br>\nOmnht, Feedback auf Tonband<br>\nUsral, Bearbeitetes Feedback<br>\nLionel Marchetti (Lyon),<br>\nKlangregie<\/p>\n\n\n\n<p>OCCAM XVIII<br> Pia Palme (Wien),<br> Kontrabassblockfl\u00f6te<br> <strong><br><\/strong><\/p>\n<\/blockquote>\n\n\n\n<p>Bekannt geworden durch unmerklich langsam sich ver\u00e4ndernde Klanggem\u00e4lde, die alle auf einem ARP 2500 Synthesizer entstanden, arbeitet \u00c9liane Radigue seit 2003 mit Musikern, um ihre Klangvorstellungen auf akustische Instrumente zu \u00fcbertragen. Die Wurzeln der Werkreihe OCCAM liegen in einem gro\u00dfen Wandbild im Museum of Natural History in Los Angeles, auf dem das ganze elektromagnetische Spektrum dargestellt ist und dem mythischen Ozean aus der Science-Fiction Geschichte \u201eOccam\u2019s Razor\u201c.\u201eIt seems in fact, that the Ocean with its multiple waves allows us to symbolically be in contact with a rather large spectrum of vibrating undulations, stretching from the great deep-sea swells to wavelets sparkling on a fine summer day.\u201c Die 1932 in Paris geborene Komponistin gilt als eine Wegbereiterin der elektronischen Musik. 2006 erhielt sie f\u00fcr ihr St\u00fcck \u201eL\u2019\u00eeIe re-sonante\u201c die Goldene Nica beim Festival Ars Electronica.<\/p>\n\n\n\n<p>&nbsp;<\/p>\n\n\n\n<p>&nbsp;<\/p>\n\n\n\n<p><em> reiheM &#8211; Konzertreihe f\u00fcr Gegenwartsmusik, Elektronik und neue Medien wird veranstaltet von Mark e.V. und gef\u00f6rdert durch das Kulturamt der Stadt K\u00f6ln und vom Ministerium f\u00fcr Familie, Kinder, Jugend, Kultur und Sport des Landes Nordrhein-Westfalen.<\/em><\/p>\n","protected":false},"excerpt":{"rendered":"<p>18. Juni 2014<br \/>\nKunst-Station Sankt Peter<\/p>\n","protected":false},"author":4,"featured_media":3890,"comment_status":"closed","ping_status":"closed","sticky":false,"template":"","format":"standard","meta":{"footnotes":""},"categories":[207,5],"tags":[],"class_list":["post-2005","post","type-post","status-publish","format-standard","has-post-thumbnail","hentry","category-207","category-konzert"],"_links":{"self":[{"href":"https:\/\/www.reihe-m.de\/index.php?rest_route=\/wp\/v2\/posts\/2005","targetHints":{"allow":["GET"]}}],"collection":[{"href":"https:\/\/www.reihe-m.de\/index.php?rest_route=\/wp\/v2\/posts"}],"about":[{"href":"https:\/\/www.reihe-m.de\/index.php?rest_route=\/wp\/v2\/types\/post"}],"author":[{"embeddable":true,"href":"https:\/\/www.reihe-m.de\/index.php?rest_route=\/wp\/v2\/users\/4"}],"replies":[{"embeddable":true,"href":"https:\/\/www.reihe-m.de\/index.php?rest_route=%2Fwp%2Fv2%2Fcomments&post=2005"}],"version-history":[{"count":20,"href":"https:\/\/www.reihe-m.de\/index.php?rest_route=\/wp\/v2\/posts\/2005\/revisions"}],"predecessor-version":[{"id":5764,"href":"https:\/\/www.reihe-m.de\/index.php?rest_route=\/wp\/v2\/posts\/2005\/revisions\/5764"}],"wp:featuredmedia":[{"embeddable":true,"href":"https:\/\/www.reihe-m.de\/index.php?rest_route=\/wp\/v2\/media\/3890"}],"wp:attachment":[{"href":"https:\/\/www.reihe-m.de\/index.php?rest_route=%2Fwp%2Fv2%2Fmedia&parent=2005"}],"wp:term":[{"taxonomy":"category","embeddable":true,"href":"https:\/\/www.reihe-m.de\/index.php?rest_route=%2Fwp%2Fv2%2Fcategories&post=2005"},{"taxonomy":"post_tag","embeddable":true,"href":"https:\/\/www.reihe-m.de\/index.php?rest_route=%2Fwp%2Fv2%2Ftags&post=2005"}],"curies":[{"name":"wp","href":"https:\/\/api.w.org\/{rel}","templated":true}]}}