{"id":2746,"date":"2015-04-09T15:41:52","date_gmt":"2015-04-09T14:41:52","guid":{"rendered":"http:\/\/www.reihe-m.de\/?p=2746"},"modified":"2019-07-02T12:19:42","modified_gmt":"2019-07-02T11:19:42","slug":"leo-kupper-marc-mattervoiceover","status":"publish","type":"post","link":"https:\/\/www.reihe-m.de\/?p=2746","title":{"rendered":"Leo Kupper \/ Marc Matter\/Voiceover"},"content":{"rendered":"<p>5. Juni 2015<br \/>\nFreitag\/20 h<br \/>\nKunst-Station Sankt Peter, K\u00f6ln<\/p>\n<p>Eintritt: 10 EUR<br \/>\nMarc Matter\/Voiceover (CH) \u2013 plattenspielerische Lautdichtungen<\/p>\n<p>Leo Kupper (B) \u2013 Sonorit\u00e9s pour Voix et \u00c9lectroniques<br \/>\nAviforms (2009)<br \/>\nInnomin\u00e9 (1970)<br \/>\nKamana (2009)<br \/>\nParoles sur langue et paroles sur l\u00e8vres (2005\/06)<\/p>\n<p>&nbsp;<\/p>\n<p>Klangliche Vielfalt von Stimmen und ihre elektroakustischen Transformationen \u2013 ein gleicherma\u00dfen experimentierfreudiges Interesse daran verbindet den belgischen \u201eElektronikpionier\u201c Leo Kupper (*1935) und den Schweizer Musiker\/Medienk\u00fcnstler Marc Matter (*1974).<br \/>\nKupper gr\u00fcndete 1967 sein Studio de Recherches et de Structurations Electroniques Auditives in Br\u00fcssel und wurde vor allem mit Werken bekannt, die zwischen Poesie Sonore, algorithmischer Komposition, phonetischer und elektronischer Musik angesiedelt sind. Hierzu entwickelte er eigene Werkzeuge wie das komplexe GAME-System und das KIN\u00c9PHONE.<br \/>\nMatters Soloprojekt Voiceover erschafft mittels DJ-Techniken und Effekten aus Stimmaufnahmen eine moderne Form der Lautdichtung, die ihre Bez\u00fcge zu historischen Vorl\u00e4ufern wie Musique Concr\u00e8te und Poesie Sonore durchaus thematisiert, diese aber vor allem f\u00fcr aktuelle Modifikationen und Experimente \u00f6ffnet. Er ist Mitglied der K\u00fcnstlergruppe Institut f\u00fcr Feinmotorik, die 2011 den Karl-Sczuka-Preis f\u00fcr Radiokunst gewann.<\/p>\n<p>Vortrag: 6. Juni\u00a02015 \/ 16 h \/ Leo Kupper \u2013 Aventures sonores et musicales (de 1960 \u00e0 2013) \/ Aula der KHM, K\u00f6ln<\/p>\n<p>reiheM \u2013 Konzertreihe f\u00fcr Gegenwartsmusik, Elektronik und neue Medien wird veranstaltet von Mark e.V. und gef\u00f6rdert durch das Kulturamt der Stadt K\u00f6ln und vom Ministerium f\u00fcr Familie, Kinder, Jugend, Kultur und Sport des Landes Nordrhein-Westfalen.<\/p>\n<div><\/div>\n","protected":false},"excerpt":{"rendered":"<p>5. Juni 2015<br \/>\nKunst-Station Sankt Peter, K\u00f6ln<\/p>\n","protected":false},"author":4,"featured_media":3869,"comment_status":"closed","ping_status":"closed","sticky":false,"template":"","format":"standard","meta":{"footnotes":""},"categories":[213,5],"tags":[],"class_list":["post-2746","post","type-post","status-publish","format-standard","has-post-thumbnail","hentry","category-213","category-konzert"],"_links":{"self":[{"href":"https:\/\/www.reihe-m.de\/index.php?rest_route=\/wp\/v2\/posts\/2746","targetHints":{"allow":["GET"]}}],"collection":[{"href":"https:\/\/www.reihe-m.de\/index.php?rest_route=\/wp\/v2\/posts"}],"about":[{"href":"https:\/\/www.reihe-m.de\/index.php?rest_route=\/wp\/v2\/types\/post"}],"author":[{"embeddable":true,"href":"https:\/\/www.reihe-m.de\/index.php?rest_route=\/wp\/v2\/users\/4"}],"replies":[{"embeddable":true,"href":"https:\/\/www.reihe-m.de\/index.php?rest_route=%2Fwp%2Fv2%2Fcomments&post=2746"}],"version-history":[{"count":1,"href":"https:\/\/www.reihe-m.de\/index.php?rest_route=\/wp\/v2\/posts\/2746\/revisions"}],"predecessor-version":[{"id":2748,"href":"https:\/\/www.reihe-m.de\/index.php?rest_route=\/wp\/v2\/posts\/2746\/revisions\/2748"}],"wp:featuredmedia":[{"embeddable":true,"href":"https:\/\/www.reihe-m.de\/index.php?rest_route=\/wp\/v2\/media\/3869"}],"wp:attachment":[{"href":"https:\/\/www.reihe-m.de\/index.php?rest_route=%2Fwp%2Fv2%2Fmedia&parent=2746"}],"wp:term":[{"taxonomy":"category","embeddable":true,"href":"https:\/\/www.reihe-m.de\/index.php?rest_route=%2Fwp%2Fv2%2Fcategories&post=2746"},{"taxonomy":"post_tag","embeddable":true,"href":"https:\/\/www.reihe-m.de\/index.php?rest_route=%2Fwp%2Fv2%2Ftags&post=2746"}],"curies":[{"name":"wp","href":"https:\/\/api.w.org\/{rel}","templated":true}]}}