{"id":2975,"date":"2015-12-14T11:59:10","date_gmt":"2015-12-14T10:59:10","guid":{"rendered":"http:\/\/www.reihe-m.de\/?p=2975"},"modified":"2019-07-02T12:17:16","modified_gmt":"2019-07-02T11:17:16","slug":"yann-leguay-thomas-lehn","status":"publish","type":"post","link":"https:\/\/www.reihe-m.de\/?p=2975","title":{"rendered":"Yann Leguay \/ Thomas Lehn"},"content":{"rendered":"<p><strong>Yann Leguay \/\u00a0Thomas Lehn<\/strong><b><br \/>\n<\/b><br \/>\n11. Februar\u00a02016<br \/>\nDonnerstag\u00a0\/ 20 h<br \/>\nStadtgarten, K\u00f6ln<\/p>\n<p>Eintritt: 10 EUR<\/p>\n<p>&nbsp;<\/p>\n<p>Yann Leguay<br \/>\n<em>hacked electronics<\/em><\/p>\n<p>Thomas Lehn<br \/>\n<em>analogue synthesizer<\/em><\/p>\n<p>Yann Leguay, aufgrund seiner klangk\u00fcnstlerischen Praxis schon als \u201eMediensaboteur\u201c bezeichnet, verwendet Computerhardware ebenso wie analoge Technik (bspw. umgebaute Plattenspieler) oder Spielzeugelektronik, um elektroakustische Hybrid-Instrumente zu bauen, die\u00a0er in Konzerten und Installationen klanglich erforscht. Pulsierend rhythmische Patterns, Feedbackschichtungen, Randbereiche des H\u00f6rbaren und klangliche Irritationen pr\u00e4gen seine Ver\u00f6ffentlichungen. Er leitet in Br\u00fcssel das Label Phonotopy f\u00fcr experimentelle Vinylproduktionen.<\/p>\n<p>Thomas Lehn entwickelt seit \u00fcber 25 Jahren seine virtuose, hoch energetische Spielform live-elektronischer Musik mit analogen Synthesizern. Aktuell vorwiegend mithilfe des legend\u00e4ren EMS Synthi A, einem modularen Synthesizer vom Beginn der 1970er Jahre. Im Rahmen des reiheM-Konzertes wird Thomas Lehn eines seiner raren Soloprogramme pr\u00e4sentieren.<\/p>\n<p><em>reiheM wird veranstaltet von Mark e.V.\u00a0<\/em><\/p>\n<p><i>\u00a0<\/i><\/p>\n","protected":false},"excerpt":{"rendered":"<p>11. Februar 2016<br \/>\nStadtgarten, K\u00f6ln<\/p>\n","protected":false},"author":4,"featured_media":3867,"comment_status":"closed","ping_status":"closed","sticky":false,"template":"","format":"standard","meta":{"footnotes":""},"categories":[213,5],"tags":[],"class_list":["post-2975","post","type-post","status-publish","format-standard","has-post-thumbnail","hentry","category-213","category-konzert"],"_links":{"self":[{"href":"https:\/\/www.reihe-m.de\/index.php?rest_route=\/wp\/v2\/posts\/2975","targetHints":{"allow":["GET"]}}],"collection":[{"href":"https:\/\/www.reihe-m.de\/index.php?rest_route=\/wp\/v2\/posts"}],"about":[{"href":"https:\/\/www.reihe-m.de\/index.php?rest_route=\/wp\/v2\/types\/post"}],"author":[{"embeddable":true,"href":"https:\/\/www.reihe-m.de\/index.php?rest_route=\/wp\/v2\/users\/4"}],"replies":[{"embeddable":true,"href":"https:\/\/www.reihe-m.de\/index.php?rest_route=%2Fwp%2Fv2%2Fcomments&post=2975"}],"version-history":[{"count":2,"href":"https:\/\/www.reihe-m.de\/index.php?rest_route=\/wp\/v2\/posts\/2975\/revisions"}],"predecessor-version":[{"id":2977,"href":"https:\/\/www.reihe-m.de\/index.php?rest_route=\/wp\/v2\/posts\/2975\/revisions\/2977"}],"wp:featuredmedia":[{"embeddable":true,"href":"https:\/\/www.reihe-m.de\/index.php?rest_route=\/wp\/v2\/media\/3867"}],"wp:attachment":[{"href":"https:\/\/www.reihe-m.de\/index.php?rest_route=%2Fwp%2Fv2%2Fmedia&parent=2975"}],"wp:term":[{"taxonomy":"category","embeddable":true,"href":"https:\/\/www.reihe-m.de\/index.php?rest_route=%2Fwp%2Fv2%2Fcategories&post=2975"},{"taxonomy":"post_tag","embeddable":true,"href":"https:\/\/www.reihe-m.de\/index.php?rest_route=%2Fwp%2Fv2%2Ftags&post=2975"}],"curies":[{"name":"wp","href":"https:\/\/api.w.org\/{rel}","templated":true}]}}