{"id":3651,"date":"2019-01-18T15:06:38","date_gmt":"2019-01-18T14:06:38","guid":{"rendered":"http:\/\/www.reihe-m.de\/?p=3651"},"modified":"2020-01-14T12:26:29","modified_gmt":"2020-01-14T11:26:29","slug":"martin-howse-bernd-schurer","status":"publish","type":"post","link":"https:\/\/www.reihe-m.de\/?p=3651","title":{"rendered":"Martin Howse \/ Bernd Schurer \u00a0"},"content":{"rendered":"<p class=\"p1\"><span class=\"s1\">22.\u00a0Februar 2019<br \/>\nFr\u00a0\/\u00a020\u00a0h<br \/>\n<\/span><span class=\"s1\">Stadtgarten (Saal)<br \/>\n<\/span><span class=\"s1\">Venloerstr. 40,<span class=\"Apple-converted-space\">\u00a0 <\/span>K\u00f6ln <\/span><\/p>\n<p>Eintritt\u00a010\/8 EUR<\/p>\n<hr \/>\n<p class=\"p1\"><span class=\"s1\">\u00a0<\/span><\/p>\n<p class=\"p1\"><span class=\"s1\">Martin Howse\u00a0<\/span>(London)<br \/>\nThe Final Session [001]<\/p>\n<p class=\"p1\"><span class=\"s1\">Bernd Schurer\u00a0<\/span>(Berlin)<br \/>\nLautaggregat Redux<br \/>\n[Quadrophonische Version]<\/p>\n<p class=\"p1\"><span class=\"s1\"><i>\u201e<\/i><\/span><i>The Final Session is a performance for custom electronics, burning matter, temperature sensors, violet laser and minerals.\u201c<\/i><span class=\"Apple-converted-space\">\u00a0 <\/span>Ausd\u00fcnstungen, D\u00e4mpfe und Abgase von Industrieanlagen, D\u00fcfte verwesender Schlangen und brennender W\u00e4lder, schneidende Kl\u00e4nge und durchdringende Farben \u2013 Martin Howse <span class=\"s1\">entschl\u00fcsselt und \u00fcbersetzt solche in Erde und Luft vorhandenen Signale in eine Abfolge von Aktionen, Beschw\u00f6rungen und stoffliche Transmutationen. Dabei kommen selbst entwickelte Elektronik, Mineralien, Staub, rohe elektrochemische Prozesse, Glasmaschinen, Erde, Luft, Licht und elektrische Felder zum Einsatz.<\/span><\/p>\n<p class=\"p1\"><span class=\"s1\"> Ber<\/span>nd Schurer, bekannt f\u00fcr radikale Computermusik, experimentiert in seinem St\u00fcck<i> Lautaggregat Redux<\/i> mit Resynthetisierungen von Abschnitten des H\u00f6rst\u00fccks Lautaggregat von Carlfriedrich Claus unter Verwendung der Waveset-Synthese. C. Claus (1930\u20131998) arbeitete \u00fcber Jahrzehnte an einem individuellen, kompromisslosen Werk von Lautprozessen, Artikulationsexerzitien sowie an Formen konkreter und phonetischer Poesie.\u00a0Schurer thematisiert in seinen Arbeiten insbesondere Wahrnehmungsaspekte des H\u00f6rens mittels digitaler Klangsyntheseverfahren.<\/p>\n<p>reiheM wird veranstaltet von Mark e.V.<\/p>\n","protected":false},"excerpt":{"rendered":"<p>22. Februar 2019<br \/>\nStadtgarten<\/p>\n","protected":false},"author":4,"featured_media":3652,"comment_status":"closed","ping_status":"closed","sticky":false,"template":"","format":"standard","meta":{"footnotes":""},"categories":[258,5],"tags":[],"class_list":["post-3651","post","type-post","status-publish","format-standard","has-post-thumbnail","hentry","category-258","category-konzert"],"_links":{"self":[{"href":"https:\/\/www.reihe-m.de\/index.php?rest_route=\/wp\/v2\/posts\/3651","targetHints":{"allow":["GET"]}}],"collection":[{"href":"https:\/\/www.reihe-m.de\/index.php?rest_route=\/wp\/v2\/posts"}],"about":[{"href":"https:\/\/www.reihe-m.de\/index.php?rest_route=\/wp\/v2\/types\/post"}],"author":[{"embeddable":true,"href":"https:\/\/www.reihe-m.de\/index.php?rest_route=\/wp\/v2\/users\/4"}],"replies":[{"embeddable":true,"href":"https:\/\/www.reihe-m.de\/index.php?rest_route=%2Fwp%2Fv2%2Fcomments&post=3651"}],"version-history":[{"count":3,"href":"https:\/\/www.reihe-m.de\/index.php?rest_route=\/wp\/v2\/posts\/3651\/revisions"}],"predecessor-version":[{"id":3656,"href":"https:\/\/www.reihe-m.de\/index.php?rest_route=\/wp\/v2\/posts\/3651\/revisions\/3656"}],"wp:featuredmedia":[{"embeddable":true,"href":"https:\/\/www.reihe-m.de\/index.php?rest_route=\/wp\/v2\/media\/3652"}],"wp:attachment":[{"href":"https:\/\/www.reihe-m.de\/index.php?rest_route=%2Fwp%2Fv2%2Fmedia&parent=3651"}],"wp:term":[{"taxonomy":"category","embeddable":true,"href":"https:\/\/www.reihe-m.de\/index.php?rest_route=%2Fwp%2Fv2%2Fcategories&post=3651"},{"taxonomy":"post_tag","embeddable":true,"href":"https:\/\/www.reihe-m.de\/index.php?rest_route=%2Fwp%2Fv2%2Ftags&post=3651"}],"curies":[{"name":"wp","href":"https:\/\/api.w.org\/{rel}","templated":true}]}}