{"id":4413,"date":"2020-07-28T18:06:00","date_gmt":"2020-07-28T17:06:00","guid":{"rendered":"http:\/\/www.reihe-m.de\/?p=4413"},"modified":"2021-08-02T18:56:21","modified_gmt":"2021-08-02T17:56:21","slug":"takako-saito","status":"publish","type":"post","link":"https:\/\/www.reihe-m.de\/?p=4413","title":{"rendered":"Takako Saito"},"content":{"rendered":"\n<p>Mittwoch \/ 19:30 Uhr<br><strong>16. &nbsp;September 2020&nbsp;<\/strong><br>Kunst-Station Sankt Peter, <br>Jabachstr. 1, K\u00f6ln<br><br>Eintritt: 10\/8,\u2013 EUR<\/p>\n\n\n\n<p>Takako Saito<br>Performance<\/p>\n\n\n\n<p>Takako Saito, Jahrgang 1929, war ma\u00dfgeblich an der in den 1960er Jahren international agierenden Fluxus-Bewegung beteiligt. Seit nunmehr sechs Dekaden arbeitet sie k\u00fcnstlerisch intermedi\u00e4r. Ihre zahlreichen Performances seit Ende der 1960er Jahre sind als totale Ph\u00e4nomene ohne ihre Kl\u00e4nge nicht denkbar und ihre Buch- und Bildobjekte verf\u00fcgen h\u00e4ufig \u00fcber eine akustische Seite. F\u00fcr die reiheM transformiert sie Gegenst\u00e4nde aus ihrem Alltag in ein Konzert: Sie bringt Einwegverpackungen aus ihrem t\u00e4glichen Ge- und Verbrauch zum Klingen und erkundet mit Kugeln den akustischen Raum von Sankt Peter. Die gerade f\u00fcr Fluxus zentrale Leitidee, Leben und Kunst zu verkn\u00fcpfen, findet in diesem Konzert einen vorl\u00e4ufigen H\u00f6hepunkt.<\/p>\n\n\n\n<p>+++++++++++++++++++++++++++++++++<br>Leider sind keine Reservierungen mehr m\u00f6glich. Abendkasse ist ab 19 h ge\u00f6ffnet. Es kann nicht garantiert werden, dass noch Karten an der Abendkasse zu haben sind.<br><br>Bitte informiert euch vorab \u00fcber die aktuellen Zugangsbeschr\u00e4nkungen und Hygieneregeln.<br><br><br>reiheM wird veranstaltet von Mark e.V.<\/p>\n","protected":false},"excerpt":{"rendered":"<p>16.  September 2020<br \/>\nKunst-Station Sankt Peter<\/p>\n","protected":false},"author":4,"featured_media":4414,"comment_status":"closed","ping_status":"closed","sticky":false,"template":"","format":"standard","meta":{"footnotes":""},"categories":[260,5],"tags":[],"class_list":["post-4413","post","type-post","status-publish","format-standard","has-post-thumbnail","hentry","category-260","category-konzert"],"_links":{"self":[{"href":"https:\/\/www.reihe-m.de\/index.php?rest_route=\/wp\/v2\/posts\/4413","targetHints":{"allow":["GET"]}}],"collection":[{"href":"https:\/\/www.reihe-m.de\/index.php?rest_route=\/wp\/v2\/posts"}],"about":[{"href":"https:\/\/www.reihe-m.de\/index.php?rest_route=\/wp\/v2\/types\/post"}],"author":[{"embeddable":true,"href":"https:\/\/www.reihe-m.de\/index.php?rest_route=\/wp\/v2\/users\/4"}],"replies":[{"embeddable":true,"href":"https:\/\/www.reihe-m.de\/index.php?rest_route=%2Fwp%2Fv2%2Fcomments&post=4413"}],"version-history":[{"count":3,"href":"https:\/\/www.reihe-m.de\/index.php?rest_route=\/wp\/v2\/posts\/4413\/revisions"}],"predecessor-version":[{"id":4445,"href":"https:\/\/www.reihe-m.de\/index.php?rest_route=\/wp\/v2\/posts\/4413\/revisions\/4445"}],"wp:featuredmedia":[{"embeddable":true,"href":"https:\/\/www.reihe-m.de\/index.php?rest_route=\/wp\/v2\/media\/4414"}],"wp:attachment":[{"href":"https:\/\/www.reihe-m.de\/index.php?rest_route=%2Fwp%2Fv2%2Fmedia&parent=4413"}],"wp:term":[{"taxonomy":"category","embeddable":true,"href":"https:\/\/www.reihe-m.de\/index.php?rest_route=%2Fwp%2Fv2%2Fcategories&post=4413"},{"taxonomy":"post_tag","embeddable":true,"href":"https:\/\/www.reihe-m.de\/index.php?rest_route=%2Fwp%2Fv2%2Ftags&post=4413"}],"curies":[{"name":"wp","href":"https:\/\/api.w.org\/{rel}","templated":true}]}}