{"id":4940,"date":"2022-08-07T13:55:45","date_gmt":"2022-08-07T12:55:45","guid":{"rendered":"https:\/\/www.reihe-m.de\/?p=4940"},"modified":"2024-01-31T21:01:06","modified_gmt":"2024-01-31T20:01:06","slug":"menelaos-tomasides-shunsuke-oshio","status":"publish","type":"post","link":"https:\/\/www.reihe-m.de\/?p=4940","title":{"rendered":"Menelaos Tomasides\/ Shunsuke Oshio"},"content":{"rendered":"\n<p>Donnerstag \/ 20 h<br><strong>22. September 2022<\/strong><br><br>Gew\u00f6lbe<br>Hans-B\u00f6ckler-Platz 2, K\u00f6ln<br>Eintritt: 12\/10 EUR<\/p>\n\n\n\n<p><\/p>\n\n\n\n<p><strong>Menelaos Tomasides pr\u00e4sentiert \u201e15 Jahre 31 Minuten\u201c<\/strong>:<br>&#8222;31 Minuten, das ist Menelaos Tomasides. 31 Minuten, das ist ruhige, entspannte elektronische Musik, die sich in den Koordinaten Ambient und Electronica wohlf\u00fchlt, aber nicht vollst\u00e4ndig in ihnen aufgeht. 31 Minuten ist (Ambient) Musik, die mehr will (und kann) als nur eine angenehme Stimmung verbreiten, obwohl sie gerade das mit faszinierender Leichtigkeit erreicht. Es ist eine zarte nichtfunktionale elektronische Musik, die zum Zuh\u00f6ren und Mitf\u00fchlen einl\u00e4dt, zum Entspannen und zur Kontemplation, genauso allerdings zu Kommunikation, zu Bewegung oder Euphorie. 31 Minuten ist ein offenes Projekt, das um Tomasides als Ankerpunkt herum mit unterschiedlichen Menschen, Medien und Musik gef\u00fcllt wird.&#8220; (Frank Eckert)<br>Im Rahmen der reiheM spielt Tomasides St\u00fccke von seinem ersten Album \u201e31 Minuten feat. Mathias Nowak\u201c (2008), aus \u201e31 Minuten live 2018\u201c, und aus seinem letzten Album \u201eWhen the Moon comes through\u201c (2020), bis hin zu aktuellen Rohdiamanten.<\/p>\n\n\n\n<p><strong>Shunsuke Oshio<\/strong><br>Der aus Osaka (Japan) stammende Musiker Shunsuke Oshio lebt seit 2008 in D\u00fcsseldorf. Als Gitarrist hat er solo und mit Band gearbeitet und Musik f\u00fcr Theater, Tanz und Klang-installationen komponiert. 2020 Ver\u00f6ffentlichungen seines Duos W\u00f6rc und sein Solodebut \u201eWaterfall\u201c. Live arbeitet er mit elektronischen und akustischen Instrumenten, die die physischen und metaphysischen Bilder eines Wasserfalls imitieren.<\/p>\n\n\n\n<p><\/p>\n\n\n\n<p>reiheM wird veranstaltet von Mark e.V.<\/p>\n","protected":false},"excerpt":{"rendered":"<p>22. September 2022<br \/>\nGew\u00f6lbe<\/p>\n","protected":false},"author":4,"featured_media":4941,"comment_status":"closed","ping_status":"closed","sticky":false,"template":"","format":"standard","meta":{"footnotes":""},"categories":[262,5],"tags":[],"class_list":["post-4940","post","type-post","status-publish","format-standard","has-post-thumbnail","hentry","category-262","category-konzert"],"_links":{"self":[{"href":"https:\/\/www.reihe-m.de\/index.php?rest_route=\/wp\/v2\/posts\/4940","targetHints":{"allow":["GET"]}}],"collection":[{"href":"https:\/\/www.reihe-m.de\/index.php?rest_route=\/wp\/v2\/posts"}],"about":[{"href":"https:\/\/www.reihe-m.de\/index.php?rest_route=\/wp\/v2\/types\/post"}],"author":[{"embeddable":true,"href":"https:\/\/www.reihe-m.de\/index.php?rest_route=\/wp\/v2\/users\/4"}],"replies":[{"embeddable":true,"href":"https:\/\/www.reihe-m.de\/index.php?rest_route=%2Fwp%2Fv2%2Fcomments&post=4940"}],"version-history":[{"count":1,"href":"https:\/\/www.reihe-m.de\/index.php?rest_route=\/wp\/v2\/posts\/4940\/revisions"}],"predecessor-version":[{"id":4942,"href":"https:\/\/www.reihe-m.de\/index.php?rest_route=\/wp\/v2\/posts\/4940\/revisions\/4942"}],"wp:featuredmedia":[{"embeddable":true,"href":"https:\/\/www.reihe-m.de\/index.php?rest_route=\/wp\/v2\/media\/4941"}],"wp:attachment":[{"href":"https:\/\/www.reihe-m.de\/index.php?rest_route=%2Fwp%2Fv2%2Fmedia&parent=4940"}],"wp:term":[{"taxonomy":"category","embeddable":true,"href":"https:\/\/www.reihe-m.de\/index.php?rest_route=%2Fwp%2Fv2%2Fcategories&post=4940"},{"taxonomy":"post_tag","embeddable":true,"href":"https:\/\/www.reihe-m.de\/index.php?rest_route=%2Fwp%2Fv2%2Ftags&post=4940"}],"curies":[{"name":"wp","href":"https:\/\/api.w.org\/{rel}","templated":true}]}}