{"id":6046,"date":"2025-09-10T11:05:43","date_gmt":"2025-09-10T10:05:43","guid":{"rendered":"https:\/\/www.reihe-m.de\/?p=6046"},"modified":"2025-09-10T11:05:43","modified_gmt":"2025-09-10T10:05:43","slug":"james-hoff-ben-kudlerradical-democracy","status":"publish","type":"post","link":"https:\/\/www.reihe-m.de\/?p=6046","title":{"rendered":"James Hoff &#038; Ben Kudler\u201eRadical Democracy\u201c"},"content":{"rendered":"\n<p>Samstag \/ 19 h (Einlass 18:30 h) <br>4. Oktober 2025<br>K\u00f6lnischer Kunstverein (Riphahn Saal)<br>Hahnenstr. 6, K\u00f6ln<br>Eintritt: 15\/10 EUR<\/p>\n\n\n\n<p>Anschlie\u00dfend K\u00fcnstlergespr\u00e4ch mit Julia Scher<\/p>\n\n\n\n<p><\/p>\n\n\n\n<p>\u201eRadical Democracy\u201c ist ein neues Projekt von James Hoff und Ben Kudler. In Echtzeit hackt das Duo \u00dcberwachungs-kameras aus aller Welt und nutzt die dabei gewonnenen GPS-Daten, um Oszillatoren zu steuern und Samples auszul\u00f6sen. So entsteht ein generativer \u201eSoundtrack\u201c, der die Live-Bilder, aus denen er hervorgeht, zugleich kommentiert \u2013 GPS wie \u00dcberwachung werden dabei als k\u00fcnstlerische Werkzeuge erfahrbar, jenseits ihrer milit\u00e4rischen, kommerziellen und privaten Nutzung. Der in New York lebende K\u00fcnstler James Hoff untersucht, wie Technologien, Medien und Daten unsere soziale und politische Welt formen und entwickelt neue Wege, diese Werkzeuge kreativ einzusetzen. Aus der Noise-Szene stammt Ben Kudler. Er ist K\u00fcnstler, Informatiker und Professor f\u00fcr Geisteswissenschaften in New York. In seiner Arbeit besch\u00e4ftigt er sich vor allem mit Klang \u2013 von improvisierter elektronischer Musik \u00fcber Audio-Installationen bis hin zu Sprach- und Textsynthese. Im Anschluss an die Performance l\u00e4dt Julia Scher das Duo zum Gespr\u00e4ch (in englischer Sprache). Die US-amerikanische K\u00fcnstlerin und Professorin untersucht seit \u00fcber 30 Jahren Video\u00fcberwachung als gesellschaftliches und technologisches Ph\u00e4nomen, sowohl in Performances als auch in Video- und Installationsarbeiten.<\/p>\n\n\n\n<p><\/p>\n\n\n\n<p>Ben Kudler ist K\u00fcnstler, Informatiker und Professor f\u00fcr Geisteswissenschaften in New York. In seiner Arbeit besch\u00e4ftigt er sich vor allem mit Klang \u2013 von improvisierter elektronischer Musik \u00fcber Audio-Installationen bis hin zu Sprach- und Textsynthese. Er stammt aus der Noise-Szene und wirkte in den inzwischen geschlossenen, aber einflussreichen Kunstr\u00e4umen The Bank und Tarantula Hill in Baltimore. Kudler studierte Informatik und entwickelte am Hampshire College ein eigenes Studienfach mit den Schwerpunkten Musik und literarische Sachprosa. Er lehrt, forscht und performt unter anderem an der New School for Social Research, an der NYU, der UCLA, am Goldsmiths College in London, beim Eyebeam Art + Technology Center und im Performance Space von e-flux.<\/p>\n\n\n\n<p>James Hoff ist K\u00fcnstler in New York. Er untersucht, wie Technologien, Medien und Daten unsere soziale und politische Welt formen, und entwickelt neue Wege, diese Werkzeuge kreativ einzusetzen. F\u00fcr seine Arbeiten nutzt Hoff unter anderem Computer-Viren, Datensignale, Ohrw\u00fcrmer, Funkl\u00f6cher und gehacktes Google Maps als Ausgangspunkte f\u00fcr visuelle, audio- und multimedia-basierte Projekte. Seine j\u00fcngste Ver\u00f6ffentlichung Shadows Lifted from Invisible Hands erschien 2024 bei Shelter Press.<br>Seine Werke wurden international ausgestellt und aufgef\u00fchrt, unter anderem bei Artists Space, Bergen Kunsthall, dem Carpenter Center for the Visual Arts an der Harvard University, dem Contemporary Arts Center in New Orleans, dem Centre d\u2019Art Contemporain in Genf, dem Hessel Museum of Art, ICA London, The Kitchen, Kunsthall Oslo, dem K\u00f6niglichen Theater La Monnaie, MassMOCA, MoMA\/PS1, dem Museum of Contemporary Art in Denver sowie im Onassis Cultural Center.<br>\u2028<\/p>\n\n\n\n<p>Julia Scher (*1954, Hollywood) ist K\u00fcnstlerin und Professorin. Seit \u00fcber 30 Jahren untersucht sie Video\u00fcberwachung als gesellschaftliches und technologisches Ph\u00e4nomen, sowohl in Performances als auch in Video- und Installationsarbeiten. Scher war die erste, die in den USA \u201eSurveillance Studies\u201c lehrte, und erhielt zahlreiche Stipendien, darunter das Guggenheim Fellowship f\u00fcr Installation Art. Ihre Arbeiten wurden international gezeigt und pr\u00e4gen die Debatte \u00fcber \u00dcberwachung und \u00f6ffentliche wie private R\u00e4ume. Von 2006 bis 2021 hatte sie eine Professur f\u00fcr Multimedia\/Performance an der Kunsthochschule f\u00fcr Medien K\u00f6ln inne.<\/p>\n\n\n\n<p><\/p>\n\n\n\n<p><\/p>\n\n\n\n<p><\/p>\n","protected":false},"excerpt":{"rendered":"<p>4. Oktober 2025<br \/>\nK\u00f6lnischer Kunstverein<\/p>\n","protected":false},"author":4,"featured_media":6047,"comment_status":"closed","ping_status":"closed","sticky":false,"template":"","format":"standard","meta":{"footnotes":""},"categories":[5],"tags":[],"class_list":["post-6046","post","type-post","status-publish","format-standard","has-post-thumbnail","hentry","category-konzert"],"_links":{"self":[{"href":"https:\/\/www.reihe-m.de\/index.php?rest_route=\/wp\/v2\/posts\/6046","targetHints":{"allow":["GET"]}}],"collection":[{"href":"https:\/\/www.reihe-m.de\/index.php?rest_route=\/wp\/v2\/posts"}],"about":[{"href":"https:\/\/www.reihe-m.de\/index.php?rest_route=\/wp\/v2\/types\/post"}],"author":[{"embeddable":true,"href":"https:\/\/www.reihe-m.de\/index.php?rest_route=\/wp\/v2\/users\/4"}],"replies":[{"embeddable":true,"href":"https:\/\/www.reihe-m.de\/index.php?rest_route=%2Fwp%2Fv2%2Fcomments&post=6046"}],"version-history":[{"count":1,"href":"https:\/\/www.reihe-m.de\/index.php?rest_route=\/wp\/v2\/posts\/6046\/revisions"}],"predecessor-version":[{"id":6048,"href":"https:\/\/www.reihe-m.de\/index.php?rest_route=\/wp\/v2\/posts\/6046\/revisions\/6048"}],"wp:featuredmedia":[{"embeddable":true,"href":"https:\/\/www.reihe-m.de\/index.php?rest_route=\/wp\/v2\/media\/6047"}],"wp:attachment":[{"href":"https:\/\/www.reihe-m.de\/index.php?rest_route=%2Fwp%2Fv2%2Fmedia&parent=6046"}],"wp:term":[{"taxonomy":"category","embeddable":true,"href":"https:\/\/www.reihe-m.de\/index.php?rest_route=%2Fwp%2Fv2%2Fcategories&post=6046"},{"taxonomy":"post_tag","embeddable":true,"href":"https:\/\/www.reihe-m.de\/index.php?rest_route=%2Fwp%2Fv2%2Ftags&post=6046"}],"curies":[{"name":"wp","href":"https:\/\/api.w.org\/{rel}","templated":true}]}}