{"id":6081,"date":"2025-10-22T11:51:40","date_gmt":"2025-10-22T10:51:40","guid":{"rendered":"https:\/\/www.reihe-m.de\/?p=6081"},"modified":"2025-11-27T09:54:47","modified_gmt":"2025-11-27T08:54:47","slug":"piotr-kurek-martina-bertoni-stefan-schneider-monti","status":"publish","type":"post","link":"https:\/\/www.reihe-m.de\/?p=6081","title":{"rendered":"Piotr Kurek \/ Martina Bertoni &amp; Stefan Schneider Monti"},"content":{"rendered":"\n<p>Donnerstag \/ 20 h (Einlass: 19:30 h)<br>27. November 2025<br>674.fm Konzertraum,<br>Ubierring 13, K\u00f6ln <br>Eintritt: 12\/10,\u2013 \u20ac<\/p>\n\n\n\n<p><\/p>\n\n\n\n<p>Piotr Kurek mit Mateusz Rychlicki und Wojciech Traczyk<br>Piotr Kurek pr\u00e4sentiert sein neues Album Songs and Bodies, das Ende September auf dem Label Unsound Festival erschienen ist. Es besteht aus vielschichtigen Gitarrensketchen, komplexen Rhythmen und schwer fassbaren Stimmen, die sich als Reihe lebhafter, sich st\u00e4ndig wandelnder Songs entfalten. Der Schlagzeuger Mateusz Rychlicki und der Bassist Wojciech Traczyk begleiten Kurek auf der Bu\u0308hne, wo sie diese eindringliche, unruhige Klangwelt zum Leben erwecken. <br><br>Der in Warschau lebende Komponist und Musiker Piotr Kurek verbindet experimentelle Elektronik, Minimalismus und fragmentierte Songformen. Seine Ver\u00f6ffentlichungen bei Unsound, Mondoj, Edi\u00e7\u00f5es CN und Hands in the Dark haben ihm internationale Anerkennung eingebracht. Kurek hat mit Ku\u0308nstlern wie Jim O\u2019Rourke und Eiko Ishibashi sowie mit Patrick Shiroishi zusammengearbeitet und ist bei Festivals wie Unsound Osaka, Berlins CTM und in ganz Europa aufgetreten. Au\u00dferdem komponiert er fu\u0308r Tanz, Theater, Radio und Film.<\/p>\n\n\n\n<p><\/p>\n\n\n\n<p><br>Martina Bertoni &amp; Stefan Schneider Monti<br>Martina Bertoni und Stefan Schneider Monti teilen die Faszination fu\u0308r ein Vokabular fokussierter und dennoch experimenteller Elektronik. In ihrer Zusammenarbeit verzichten sie weitgehend auf traditionelle Komposition zugunsten eines gleichberechtigten und direkten Austauschs von Pr\u00e4senz und Beitrag. Das Endergebnis ihrer Musik beschr\u00e4nkt sich nicht auf die Qualit\u00e4t der von ihnen gew\u00e4hlten Instrumente. Es ist vielmehr ein neugieriger Vorschlag fu\u0308r R\u00e4ume der Begegnung, der unbegrenzten Verhandlung und der unkontrollierten Asymmetrien.<br><br>Die Komponistin und experimentelle Cellistin Martina Bertoni lebt in Berlin und konzentriert sich in ihrer Arbeit auf verk\u00f6rperte Klangpraktiken und postinstrumentale Identit\u00e4ten. Ihr ju\u0308ngstes Soloalbum \u201eElectroacoustic works for Halldorophone\u201c erschien Anfang diesen Jahres bei Karlrecords.<br><br>Stefan Schneider Monti ist unter anderem durch seine Zusammenarbeit mit Musikern wie Hans Joachim Roedelius, Sofia Jernberg, Garth Erasmus und der K\u00fcnstlerin Katharina Grosse bekannt. Zusammen mit der Bassklarinettistin Susanna Gartmayer ist er Teil von SO SNER. Au\u00dferdem steht er hinter dem Plattenlabel TAL.<br><\/p>\n\n\n\n<p><a href=\"https:\/\/piotrkurek.bandcamp.com\/album\/songs-and-bodies\">piotrkurek.bandcamp.com\/<\/a><br><a href=\"https:\/\/martinabertoni.com\/\">martinabertoni.com\/<\/a><br><a href=\"https:\/\/stefanschneidermonti.bandcamp.com\/album\/oasy\">stefanschneidermonti.bandcamp.com\/<\/a><\/p>\n\n\n\n<p><\/p>\n\n\n\n<p><\/p>\n","protected":false},"excerpt":{"rendered":"<p>27. November 2025<br \/>\n674fm Konzertraum<\/p>\n","protected":false},"author":4,"featured_media":6082,"comment_status":"closed","ping_status":"closed","sticky":false,"template":"","format":"standard","meta":{"footnotes":""},"categories":[5],"tags":[],"class_list":["post-6081","post","type-post","status-publish","format-standard","has-post-thumbnail","hentry","category-konzert"],"_links":{"self":[{"href":"https:\/\/www.reihe-m.de\/index.php?rest_route=\/wp\/v2\/posts\/6081","targetHints":{"allow":["GET"]}}],"collection":[{"href":"https:\/\/www.reihe-m.de\/index.php?rest_route=\/wp\/v2\/posts"}],"about":[{"href":"https:\/\/www.reihe-m.de\/index.php?rest_route=\/wp\/v2\/types\/post"}],"author":[{"embeddable":true,"href":"https:\/\/www.reihe-m.de\/index.php?rest_route=\/wp\/v2\/users\/4"}],"replies":[{"embeddable":true,"href":"https:\/\/www.reihe-m.de\/index.php?rest_route=%2Fwp%2Fv2%2Fcomments&post=6081"}],"version-history":[{"count":4,"href":"https:\/\/www.reihe-m.de\/index.php?rest_route=\/wp\/v2\/posts\/6081\/revisions"}],"predecessor-version":[{"id":6094,"href":"https:\/\/www.reihe-m.de\/index.php?rest_route=\/wp\/v2\/posts\/6081\/revisions\/6094"}],"wp:featuredmedia":[{"embeddable":true,"href":"https:\/\/www.reihe-m.de\/index.php?rest_route=\/wp\/v2\/media\/6082"}],"wp:attachment":[{"href":"https:\/\/www.reihe-m.de\/index.php?rest_route=%2Fwp%2Fv2%2Fmedia&parent=6081"}],"wp:term":[{"taxonomy":"category","embeddable":true,"href":"https:\/\/www.reihe-m.de\/index.php?rest_route=%2Fwp%2Fv2%2Fcategories&post=6081"},{"taxonomy":"post_tag","embeddable":true,"href":"https:\/\/www.reihe-m.de\/index.php?rest_route=%2Fwp%2Fv2%2Ftags&post=6081"}],"curies":[{"name":"wp","href":"https:\/\/api.w.org\/{rel}","templated":true}]}}