{"id":6086,"date":"2025-10-22T12:01:25","date_gmt":"2025-10-22T11:01:25","guid":{"rendered":"https:\/\/www.reihe-m.de\/?p=6086"},"modified":"2025-11-10T10:20:45","modified_gmt":"2025-11-10T09:20:45","slug":"bj-nilsen-anna-schimkat","status":"publish","type":"post","link":"https:\/\/www.reihe-m.de\/?p=6086","title":{"rendered":"BJ Nilsen \/ Anna Schimkat"},"content":{"rendered":"\n<p>Montag \/ 20 h (Einlass: 19:30 h)<br>8. Dezember 2025<br>Kunsthafen, Bayenstr. 28, 50678 K\u00f6ln<br>Eintritt: 15\/10,\u2013 \u20ac<br><\/p>\n\n\n\n<p>An diesem Abend werden zwei Varianten von Ger\u00e4uschmusik pr\u00e4sentiert: BJ Nilsen erschafft raumf\u00fcllende, quadrophonische und geheimnisvolle Klanglandschaften, in denen elektronische Klangmanipulationen und Feldger\u00e4usche miteinander verwoben werden. Der Raum wird Sound. Anna Schimkat l\u00e4sst als Performerin die Ger\u00e4usche vor den Augen und Ohren des Publikums entstehen und bearbeitet diese in Echtzeit. Im K\u00f6lner Konzert benutzt sie Wasser als Ausgangsmaterial.<br><\/p>\n\n\n\n<p>Biografien:<br>Der in Amsterdam lebende schwedische Klangk\u00fcnstler BJ Nilsen untersucht in seiner Arbeit die Beziehung zwischen Sound, Raum und Wahrnehmung. Er verwendet Feldaufnahmen und subtile elektronische Klangmanipulation, um oft ortsspezifische Kompositionen zu schaffen. Aus den letzten 30 Jahren hat er \u00fcber 25 Ver\u00f6ffentlichungen auf international renommierten Labels wie Editions Mego, Touch und weiteren vorzuweisen. Sein aktuelles Album erscheint auf Stephen O&#8217;Malleys Ideologic Organ. BJ Nilsen produziert auch Musiken f\u00fcr Film und Theater\/Tanz und hat hierbei unter anderem mit Karl Lemieux und J\u00f3hann J\u00f3hannsson zusammengearbeitet. Seine Soundarbeiten sind in Filmen von Denis Villeneuve oder Gaspar No\u00e9 zu h\u00f6ren. BJ Nilsen begann seine Arbeit als Musiker in der Subkultur des Post-Industrial, wo er 1991 unter dem Projektnamen Morthond auf Cold Meat Industry mit d\u00fcsteren Sounds in Erscheinung trat.<\/p>\n\n\n\n<p><br>Anna Schimkat, bildende K\u00fcnstlerin in Mainz und Leipzig, betritt mit Installationen und Performances die Klangkunst. Sie komponiert R\u00e4ume, die Wahrnehmung sch\u00e4rfen und Handlungen der Betrachtenden beeinflussen. Ausgangspunkt sind selbstgebaute Instrumente und Feldaufnahmen der Welt um uns. In ihrer recherchebasierten, interdisziplin\u00e4ren Praxis untersucht sie, wie Erfahrungen entstehen und wie das Bewusstsein f\u00fcr Klang gesch\u00e4rft werden kann. Gefundene Ger\u00e4usche und Kl\u00e4nge dienen ihr als Material, das sie spielerisch erforscht, um spezifische T\u00f6ne, Rhythmen und Resonanzen freizulegen.<br>Neben Arbeiten im \u00f6ffentlichen Raum wurden ihre Werke international gezeigt, u. a. am Goethe-Institut (Damaskus), im Kunstraum Michael Barthel (Leipzig), bei 24 Gauche Series (Montreal), im ausland (Berlin), beim Longbridge Light Festival (Birmingham), beim Vadehavsfestival (Bl\u00e5vandshuk), im Inact Festival (Stra\u00dfburg), bei BB15 (Linz), in der Galerie f\u00fcr zeitgen\u00f6ssische Kunst (Leipzig), beim RE:FLUX Festival (Moncton), im Deutschen Haus (New York City), beim Seanaps Festival (Leipzig), im Festspielhaus Hellerau (Dresden) und weiteren Stationen in Europa und den USA.<\/p>\n\n\n\n<p><a href=\"https:\/\/bennynilsen.bandcamp.com\/album\/true-than-nature\">bennynilsen.bandcamp.com<\/a><\/p>\n\n\n\n<p><a href=\"https:\/\/coherentstates.bandcamp.com\/album\/water\">annaschmikat.bandcamp.com<\/a><\/p>\n\n\n\n<p><\/p>\n","protected":false},"excerpt":{"rendered":"<p>8. Dezember 2025<br \/>\nKunsthafen (im Rhenania)<\/p>\n","protected":false},"author":4,"featured_media":6087,"comment_status":"closed","ping_status":"closed","sticky":false,"template":"","format":"standard","meta":{"footnotes":""},"categories":[5],"tags":[],"class_list":["post-6086","post","type-post","status-publish","format-standard","has-post-thumbnail","hentry","category-konzert"],"_links":{"self":[{"href":"https:\/\/www.reihe-m.de\/index.php?rest_route=\/wp\/v2\/posts\/6086","targetHints":{"allow":["GET"]}}],"collection":[{"href":"https:\/\/www.reihe-m.de\/index.php?rest_route=\/wp\/v2\/posts"}],"about":[{"href":"https:\/\/www.reihe-m.de\/index.php?rest_route=\/wp\/v2\/types\/post"}],"author":[{"embeddable":true,"href":"https:\/\/www.reihe-m.de\/index.php?rest_route=\/wp\/v2\/users\/4"}],"replies":[{"embeddable":true,"href":"https:\/\/www.reihe-m.de\/index.php?rest_route=%2Fwp%2Fv2%2Fcomments&post=6086"}],"version-history":[{"count":2,"href":"https:\/\/www.reihe-m.de\/index.php?rest_route=\/wp\/v2\/posts\/6086\/revisions"}],"predecessor-version":[{"id":6090,"href":"https:\/\/www.reihe-m.de\/index.php?rest_route=\/wp\/v2\/posts\/6086\/revisions\/6090"}],"wp:featuredmedia":[{"embeddable":true,"href":"https:\/\/www.reihe-m.de\/index.php?rest_route=\/wp\/v2\/media\/6087"}],"wp:attachment":[{"href":"https:\/\/www.reihe-m.de\/index.php?rest_route=%2Fwp%2Fv2%2Fmedia&parent=6086"}],"wp:term":[{"taxonomy":"category","embeddable":true,"href":"https:\/\/www.reihe-m.de\/index.php?rest_route=%2Fwp%2Fv2%2Fcategories&post=6086"},{"taxonomy":"post_tag","embeddable":true,"href":"https:\/\/www.reihe-m.de\/index.php?rest_route=%2Fwp%2Fv2%2Ftags&post=6086"}],"curies":[{"name":"wp","href":"https:\/\/api.w.org\/{rel}","templated":true}]}}