{"id":792,"date":"2010-10-11T13:16:22","date_gmt":"2010-10-11T12:16:22","guid":{"rendered":"http:\/\/www.reihe-m.de\/con\/?p=792"},"modified":"2024-12-07T13:58:16","modified_gmt":"2024-12-07T12:58:16","slug":"ktl-peter-rehbergstephen-omalley","status":"publish","type":"post","link":"https:\/\/www.reihe-m.de\/?p=792","title":{"rendered":"KTL \u2013 PETER REHBERG\/STEPHEN O\u00b4MALLEY"},"content":{"rendered":"<blockquote><p>Support: Marcus Schmickler<strong><br \/>\n11. Oktober 2010<\/strong> \/ Montag \/ 20:30 h<br \/>\nStadtgarten Konzertsaal \/ K\u00f6ln<\/p>\n<\/blockquote>\n<p><!--more--><\/p>\n<p>Eintritt: 12\/10\u00a0 EUR<\/p>\n<p>KTL (Kindertotenlieder) sind das Duo Peter Rehberg (Pita\/Mego, Wien) und<br \/>\nStephen O&#8217;Malley (Sunn O))), New York). Urspr\u00fcnglich gegr\u00fcndet, um die Musik f\u00fcr die Theaterproduktion Kindertotenlieder von Gis\u00e8le Vienne und Dennis Cooper zu schaffen, entwickelte sich ein eigenes Projekt mit zahlreichen Konzerten und Ver\u00f6ffentlichungen. KTL produzieren lavahafte Klangstr\u00f6me, eine alchimistische Verschmelzung aus extremer Elektronik und schleppend- dr\u00f6hnendem Doom Metal-Gitarrenspiel. Der Abend wird er\u00f6ffnet mit einem\u00a0 Konzert des K\u00f6lner\u00a0 Musikers Marcus Schmickler, der mit seinen immer pr\u00e4gnanten digitalen Soundmanipulationen zu den gefragtesten Akteuren der internationalen\u00a0 Computer-Noise-Szene geh\u00f6rt.<\/p>\n<p><a href=\"http:\/\/www.peterrehberg.com\/\" target=\"_blank\" rel=\"noopener noreferrer\">www.peterrehberg.com<br \/>\n<\/a><a href=\"http:\/\/www.myspace.com\/ktlrule\" target=\"_blank\" rel=\"noopener noreferrer\">www.myspace.com\/ktlrule<\/a><a href=\"http:\/\/www.peterrehberg.com\/\" target=\"_blank\" rel=\"noopener noreferrer\"><br \/>\n<\/a><a href=\"http:\/\/www.piethopraxis.org\" target=\"_blank\" rel=\"noopener noreferrer\">www.piethopraxis.org<\/a><\/p>\n<p>&nbsp;<\/p>\n<p>&nbsp;<\/p>\n<p><em>reiheM wird initiiert durch Mark e.V. und gef\u00f6rdert vom Kulturamt der Stadt K\u00f6ln und gef\u00f6rdert durch den Ministerpr\u00e4sidenten des Landes Nordrhein-Westfalen.<\/em><\/p>\n","protected":false},"excerpt":{"rendered":"<p>11. Oktober 2010<br \/>\nStadtgarten<\/p>\n","protected":false},"author":4,"featured_media":5577,"comment_status":"closed","ping_status":"closed","sticky":false,"template":"","format":"standard","meta":{"footnotes":""},"categories":[131,5],"tags":[],"class_list":["post-792","post","type-post","status-publish","format-standard","has-post-thumbnail","hentry","category-131","category-konzert"],"_links":{"self":[{"href":"https:\/\/www.reihe-m.de\/index.php?rest_route=\/wp\/v2\/posts\/792","targetHints":{"allow":["GET"]}}],"collection":[{"href":"https:\/\/www.reihe-m.de\/index.php?rest_route=\/wp\/v2\/posts"}],"about":[{"href":"https:\/\/www.reihe-m.de\/index.php?rest_route=\/wp\/v2\/types\/post"}],"author":[{"embeddable":true,"href":"https:\/\/www.reihe-m.de\/index.php?rest_route=\/wp\/v2\/users\/4"}],"replies":[{"embeddable":true,"href":"https:\/\/www.reihe-m.de\/index.php?rest_route=%2Fwp%2Fv2%2Fcomments&post=792"}],"version-history":[{"count":15,"href":"https:\/\/www.reihe-m.de\/index.php?rest_route=\/wp\/v2\/posts\/792\/revisions"}],"predecessor-version":[{"id":5814,"href":"https:\/\/www.reihe-m.de\/index.php?rest_route=\/wp\/v2\/posts\/792\/revisions\/5814"}],"wp:featuredmedia":[{"embeddable":true,"href":"https:\/\/www.reihe-m.de\/index.php?rest_route=\/wp\/v2\/media\/5577"}],"wp:attachment":[{"href":"https:\/\/www.reihe-m.de\/index.php?rest_route=%2Fwp%2Fv2%2Fmedia&parent=792"}],"wp:term":[{"taxonomy":"category","embeddable":true,"href":"https:\/\/www.reihe-m.de\/index.php?rest_route=%2Fwp%2Fv2%2Fcategories&post=792"},{"taxonomy":"post_tag","embeddable":true,"href":"https:\/\/www.reihe-m.de\/index.php?rest_route=%2Fwp%2Fv2%2Ftags&post=792"}],"curies":[{"name":"wp","href":"https:\/\/api.w.org\/{rel}","templated":true}]}}